{"id":12357,"date":"2025-01-28T17:50:23","date_gmt":"2025-01-28T16:50:23","guid":{"rendered":"https:\/\/www.inp2020.tn\/?p=12357"},"modified":"2025-01-28T19:39:33","modified_gmt":"2025-01-28T18:39:33","slug":"participation_biennale_art_islamique_2025","status":"publish","type":"post","link":"https:\/\/www.inp2020.tn\/ar\/2025\/01\/28\/participation_biennale_art_islamique_2025\/","title":{"rendered":"\u0627\u0644\u0645\u0634\u0627\u0631\u0643\u0629 \u0641\u064a \u0645\u0639\u0631\u0636 \u0627\u0644\u0641\u0646\u0648\u0646 \u0627\u0644\u0625\u0633\u0644\u0627\u0645\u064a\u0629 \u0628\u064a\u0646\u0627\u0644\u064a 2025"},"content":{"rendered":"\u062a\u062d\u062a \u0627\u0634\u0631\u0627\u0641 \u0648\u0632\u0627\u0631\u0629 \u0627\u0644\u0634\u0624\u0648\u0646 \u0627\u0644\u062b\u0642\u0627\u0641\u064a\u0629 \u0634\u0627\u0631\u0643 \u0627\u0644\u0645\u0639\u0647\u062f \u0627\u0644\u0648\u0637\u0646\u064a \u0644\u0644\u062a\u0631\u0627\u062b \u0641\u064a \u0627\u0644\u0646\u0633\u062e\u0629 \u0627\u0644\u062b\u0627\u0646\u064a\u0629 \u0644\u0645\u0639\u0631\u0636 \u0627\u0644\u0641\u0646\u0648\u0646 \u0627\u0644\u0625\u0633\u0644\u0627\u0645\u064a\u0629 \u0628\u064a\u0646\u0627\u0644\u064a 2025\u060c \u0627\u0644\u0630\u064a \u062a\u0642\u064a\u0645\u0647 \u0645\u0624\u0633\u0633\u0629 \u0628\u064a\u0646\u0627\u0644\u064a \u0627\u0644\u062f\u0631\u0639\u064a\u0629 \u0628\u062c\u062f\u0629 \u0628\u0627\u0644\u0645\u0645\u0644\u0643\u0629 \u0627\u0644\u0639\u0631\u0628\u064a\u0629 \u0627\u0644\u0633\u0639\u0648\u062f\u064a\u0629\u060c \u0648\u0630\u0644\u0643 \u0641\u064a \u0635\u0627\u0644\u0629 \u0627\u0644\u062d\u062c\u0627\u062c \u0628\u0645\u0637\u0627\u0631 \u0627\u0644\u0645\u0644\u0643 \u0639\u0628\u062f \u0627\u0644\u0639\u0632\u064a\u0632 \u0645\u0646 23 \u062c\u0627\u0646\u0641\u064a 2025 \u0627\u0644\u064925 \u0645\u0627\u064a 2025. \u062a\u0633\u0627\u0647\u0645 \u0641\u064a \u0647\u0630\u0627 \u0627\u0644\u0645\u0639\u0631\u0636 \u0627\u0643\u062b\u0631 \u0645\u0646 32 \u062f\u0648\u0644\u0629. \u062a\u062a\u0645\u062b\u0644 <a href=\"https:\/\/www.inp2020.tn\/ar\/2025\/01\/28\/participation_biennale_art_islamique_2025\/\" class=\"more-link\">(\u0627\u0644\u0645\u0632\u064a\u062f&hellip;)<\/a>","protected":false},"excerpt":{"rendered":"<p>\u062a\u062d\u062a \u0627\u0634\u0631\u0627\u0641 \u0648\u0632\u0627\u0631\u0629 \u0627\u0644\u0634\u0624\u0648\u0646 \u0627\u0644\u062b\u0642\u0627\u0641\u064a\u0629 \u0634\u0627\u0631\u0643 \u0627\u0644\u0645\u0639\u0647\u062f \u0627\u0644\u0648\u0637\u0646\u064a \u0644\u0644\u062a\u0631\u0627\u062b \u0641\u064a \u0627\u0644\u0646\u0633\u062e\u0629 \u0627\u0644\u062b\u0627\u0646\u064a\u0629 \u0644\u0645\u0639\u0631\u0636 \u0627\u0644\u0641\u0646\u0648\u0646 \u0627\u0644\u0625\u0633\u0644\u0627\u0645\u064a\u0629 \u0628\u064a\u0646\u0627\u0644\u064a 2025\u060c \u0627\u0644\u0630\u064a \u062a\u0642\u064a\u0645\u0647 \u0645\u0624\u0633\u0633\u0629 \u0628\u064a\u0646\u0627\u0644\u064a \u0627\u0644\u062f\u0631\u0639\u064a\u0629 \u0628\u062c\u062f\u0629 \u0628\u0627\u0644\u0645\u0645\u0644\u0643\u0629 \u0627\u0644\u0639\u0631\u0628\u064a\u0629 \u0627\u0644\u0633\u0639\u0648\u062f\u064a\u0629\u060c \u0648\u0630\u0644\u0643 \u0641\u064a \u0635\u0627\u0644\u0629 \u0627\u0644\u062d\u062c\u0627\u062c \u0628\u0645\u0637\u0627\u0631 \u0627\u0644\u0645\u0644\u0643 \u0639\u0628\u062f \u0627\u0644\u0639\u0632\u064a\u0632 \u0645\u0646 23 \u062c\u0627\u0646\u0641\u064a 2025 \u0627\u0644\u064925 \u0645\u0627\u064a 2025. \u062a\u0633\u0627\u0647\u0645 \u0641\u064a \u0647\u0630\u0627 \u0627\u0644\u0645\u0639\u0631\u0636 \u0627\u0643\u062b\u0631 \u0645\u0646 32 \u062f\u0648\u0644\u0629. \u062a\u062a\u0645\u062b\u0644 (\u0627\u0644\u0645\u0632\u064a\u062f&hellip;)<\/p>\n","protected":false},"author":1,"featured_media":12358,"comment_status":"open","ping_status":"closed","sticky":false,"template":"","format":"standard","meta":{"_uf_show_specific_survey":0,"_uf_disable_surveys":false,"footnotes":""},"categories":[480],"tags":[567,565,566,568,563,564,569],"class_list":["post-12357","post","type-post","status-publish","format-standard","has-post-thumbnail","hentry","category-_activites","tag-arabie-saoudite","tag-biennale-des-arts-islamiques-2025","tag-jeddah","tag-manuscrits-de-kairouan","tag-563","tag-564","tag-----2025"],"yoast_head":"<!-- This site is optimized with the Yoast SEO plugin v27.5 - https:\/\/yoast.com\/product\/yoast-seo-wordpress\/ -->\n<title>\u0627\u0644\u0645\u0634\u0627\u0631\u0643\u0629 \u0641\u064a \u0645\u0639\u0631\u0636 \u0627\u0644\u0641\u0646\u0648\u0646 \u0627\u0644\u0625\u0633\u0644\u0627\u0645\u064a\u0629 \u0628\u064a\u0646\u0627\u0644\u064a 2025 - INP \u0627\u0644\u0645\u0639\u0647\u062f \u0627\u0644\u0648\u0637\u0646\u064a \u0644\u0644\u062a\u0631\u0627\u062b<\/title>\n<meta name=\"description\" content=\"Participation \u00e0 la Biennale d&#039;art islamique\" \/>\n<meta name=\"robots\" content=\"index, follow, max-snippet:-1, max-image-preview:large, max-video-preview:-1\" \/>\n<link rel=\"canonical\" href=\"https:\/\/www.inp2020.tn\/2025\/01\/28\/participation_biennale_art_islamique_2025\/\" \/>\n<meta property=\"og:locale\" content=\"ar_AR\" \/>\n<meta property=\"og:type\" content=\"article\" \/>\n<meta property=\"og:title\" content=\"\u0627\u0644\u0645\u0634\u0627\u0631\u0643\u0629 \u0641\u064a \u0645\u0639\u0631\u0636 \u0627\u0644\u0641\u0646\u0648\u0646 \u0627\u0644\u0625\u0633\u0644\u0627\u0645\u064a\u0629 \u0628\u064a\u0646\u0627\u0644\u064a 2025 - INP \u0627\u0644\u0645\u0639\u0647\u062f \u0627\u0644\u0648\u0637\u0646\u064a \u0644\u0644\u062a\u0631\u0627\u062b\" \/>\n<meta property=\"og:description\" content=\"{:fr}Sous la tutelle du Minist\u00e8re des Affaires Culturelles, l&#039;Institut National du Patrimoine a particip\u00e9 \u00e0 la deuxi\u00e8me \u00e9dition de la Biennale des Arts Islamiques 2025, organis\u00e9e par la Fondation Biennale Diriyah \u00e0 Jeddah, Arabie Saoudite, au Hajjaj Hall de l&#039;a\u00e9roport King Abdulaziz du 23 janvier 2025 au 25 mai 2025. Plus de 32 pays participent \u00e0 cette exposition.{:ar}Participation \u00e0 la Biennale d&#039;art islamique{:}\" \/>\n<meta property=\"og:url\" content=\"https:\/\/www.inp2020.tn\/2025\/01\/28\/participation_biennale_art_islamique_2025\/\" \/>\n<meta property=\"og:site_name\" content=\"INP \u0627\u0644\u0645\u0639\u0647\u062f \u0627\u0644\u0648\u0637\u0646\u064a \u0644\u0644\u062a\u0631\u0627\u062b\" \/>\n<meta property=\"article:publisher\" content=\"https:\/\/www.facebook.com\/Inp.Institut.National.Du.Patrimoine\/\" \/>\n<meta property=\"article:author\" content=\"https:\/\/www.facebook.com\/ali.dabb.39\/\" \/>\n<meta property=\"article:published_time\" content=\"2025-01-28T16:50:23+00:00\" \/>\n<meta property=\"article:modified_time\" content=\"2025-01-28T18:39:33+00:00\" \/>\n<meta property=\"og:image\" content=\"http:\/\/www.inp2020.tn\/wp-content\/uploads\/2025\/01\/manisc-kairouan4.jpg\" \/>\n\t<meta property=\"og:image:width\" content=\"1600\" \/>\n\t<meta property=\"og:image:height\" content=\"1200\" \/>\n\t<meta property=\"og:image:type\" content=\"image\/jpeg\" \/>\n<meta name=\"author\" content=\"Ali DABBAGHI\" \/>\n<meta name=\"twitter:card\" content=\"summary_large_image\" \/>\n<meta name=\"twitter:label1\" content=\"\u0643\u064f\u062a\u0628 \u0628\u0648\u0627\u0633\u0637\u0629\" \/>\n\t<meta name=\"twitter:data1\" content=\"Ali DABBAGHI\" \/>\n\t<meta name=\"twitter:label2\" content=\"\u0648\u0642\u062a \u0627\u0644\u0642\u0631\u0627\u0621\u0629 \u0627\u0644\u0645\u064f\u0642\u062f\u0651\u0631\" \/>\n\t<meta name=\"twitter:data2\" content=\"\u062f\u0642\u064a\u0642\u062a\u0627\u0646\" \/>\n<script type=\"application\/ld+json\" class=\"yoast-schema-graph\">{\"@context\":\"https:\\\/\\\/schema.org\",\"@graph\":[{\"@type\":\"Article\",\"@id\":\"https:\\\/\\\/www.inp2020.tn\\\/2025\\\/01\\\/28\\\/participation_biennale_art_islamique_2025\\\/#article\",\"isPartOf\":{\"@id\":\"https:\\\/\\\/www.inp2020.tn\\\/2025\\\/01\\\/28\\\/participation_biennale_art_islamique_2025\\\/\"},\"author\":{\"name\":\"Ali DABBAGHI\",\"@id\":\"https:\\\/\\\/www.inp2020.tn\\\/#\\\/schema\\\/person\\\/bd2f4dd60a7cd9b2beaa801ddc3457a8\"},\"headline\":\"\u0627\u0644\u0645\u0634\u0627\u0631\u0643\u0629 \u0641\u064a \u0645\u0639\u0631\u0636 \u0627\u0644\u0641\u0646\u0648\u0646 \u0627\u0644\u0625\u0633\u0644\u0627\u0645\u064a\u0629 \u0628\u064a\u0646\u0627\u0644\u064a 2025\",\"datePublished\":\"2025-01-28T16:50:23+00:00\",\"dateModified\":\"2025-01-28T18:39:33+00:00\",\"mainEntityOfPage\":{\"@id\":\"https:\\\/\\\/www.inp2020.tn\\\/2025\\\/01\\\/28\\\/participation_biennale_art_islamique_2025\\\/\"},\"wordCount\":528,\"commentCount\":0,\"publisher\":{\"@id\":\"https:\\\/\\\/www.inp2020.tn\\\/#organization\"},\"image\":{\"@id\":\"https:\\\/\\\/www.inp2020.tn\\\/2025\\\/01\\\/28\\\/participation_biennale_art_islamique_2025\\\/#primaryimage\"},\"thumbnailUrl\":\"https:\\\/\\\/www.inp2020.tn\\\/wp-content\\\/uploads\\\/2025\\\/01\\\/manisc-kairouan4.jpg\",\"keywords\":[\"Arabie Saoudite\",\"Biennale des Arts Islamiques 2025\",\"Jeddah\",\"manuscrits de Kairouan\",\"\u062c\u062f\u0629 \u0628\u0627\u0644\u0645\u0645\u0644\u0643\u0629 \u0627\u0644\u0639\u0631\u0628\u064a\u0629 \u0627\u0644\u0633\u0639\u0648\u062f\u064a\u0629\",\"\u0645\u062e\u0637\u0648\u0637\u0627\u062a \u0642\u064a\u0631\u0648\u0627\u0646\u064a\u0629\",\"\u0645\u0639\u0631\u0636 \u0627\u0644\u0641\u0646\u0648\u0646 \u0627\u0644\u0625\u0633\u0644\u0627\u0645\u064a\u0629 \u0628\u064a\u0646\u0627\u0644\u064a 2025\"],\"articleSection\":[\"\u0627\u0644\u0646\u0634\u0627\u0637\"],\"inLanguage\":\"ar\",\"potentialAction\":[{\"@type\":\"CommentAction\",\"name\":\"Comment\",\"target\":[\"https:\\\/\\\/www.inp2020.tn\\\/2025\\\/01\\\/28\\\/participation_biennale_art_islamique_2025\\\/#respond\"]}]},{\"@type\":\"WebPage\",\"@id\":\"https:\\\/\\\/www.inp2020.tn\\\/2025\\\/01\\\/28\\\/participation_biennale_art_islamique_2025\\\/\",\"url\":\"https:\\\/\\\/www.inp2020.tn\\\/2025\\\/01\\\/28\\\/participation_biennale_art_islamique_2025\\\/\",\"name\":\"\u0627\u0644\u0645\u0634\u0627\u0631\u0643\u0629 \u0641\u064a \u0645\u0639\u0631\u0636 \u0627\u0644\u0641\u0646\u0648\u0646 \u0627\u0644\u0625\u0633\u0644\u0627\u0645\u064a\u0629 \u0628\u064a\u0646\u0627\u0644\u064a 2025 - INP \u0627\u0644\u0645\u0639\u0647\u062f \u0627\u0644\u0648\u0637\u0646\u064a \u0644\u0644\u062a\u0631\u0627\u062b\",\"isPartOf\":{\"@id\":\"https:\\\/\\\/www.inp2020.tn\\\/#website\"},\"primaryImageOfPage\":{\"@id\":\"https:\\\/\\\/www.inp2020.tn\\\/2025\\\/01\\\/28\\\/participation_biennale_art_islamique_2025\\\/#primaryimage\"},\"image\":{\"@id\":\"https:\\\/\\\/www.inp2020.tn\\\/2025\\\/01\\\/28\\\/participation_biennale_art_islamique_2025\\\/#primaryimage\"},\"thumbnailUrl\":\"https:\\\/\\\/www.inp2020.tn\\\/wp-content\\\/uploads\\\/2025\\\/01\\\/manisc-kairouan4.jpg\",\"datePublished\":\"2025-01-28T16:50:23+00:00\",\"dateModified\":\"2025-01-28T18:39:33+00:00\",\"description\":\"{:fr}Sous la tutelle du Minist\u00e8re des Affaires Culturelles, l'Institut National du Patrimoine a particip\u00e9 \u00e0 la deuxi\u00e8me \u00e9dition de la Biennale des Arts Islamiques 2025, organis\u00e9e par la Fondation Biennale Diriyah \u00e0 Jeddah, Arabie Saoudite, au Hajjaj Hall de l'a\u00e9roport King Abdulaziz du 23 janvier 2025 au 25 mai 2025. Plus de 32 pays participent \u00e0 cette exposition.{:ar}Participation \u00e0 la Biennale d'art islamique{:}\",\"breadcrumb\":{\"@id\":\"https:\\\/\\\/www.inp2020.tn\\\/2025\\\/01\\\/28\\\/participation_biennale_art_islamique_2025\\\/#breadcrumb\"},\"inLanguage\":\"ar\",\"potentialAction\":[{\"@type\":\"ReadAction\",\"target\":[\"https:\\\/\\\/www.inp2020.tn\\\/2025\\\/01\\\/28\\\/participation_biennale_art_islamique_2025\\\/\"]}]},{\"@type\":\"ImageObject\",\"inLanguage\":\"ar\",\"@id\":\"https:\\\/\\\/www.inp2020.tn\\\/2025\\\/01\\\/28\\\/participation_biennale_art_islamique_2025\\\/#primaryimage\",\"url\":\"https:\\\/\\\/www.inp2020.tn\\\/wp-content\\\/uploads\\\/2025\\\/01\\\/manisc-kairouan4.jpg\",\"contentUrl\":\"https:\\\/\\\/www.inp2020.tn\\\/wp-content\\\/uploads\\\/2025\\\/01\\\/manisc-kairouan4.jpg\",\"width\":1600,\"height\":1200,\"caption\":\"Participation \u00e0 la Biennale d'art islamique\"},{\"@type\":\"BreadcrumbList\",\"@id\":\"https:\\\/\\\/www.inp2020.tn\\\/2025\\\/01\\\/28\\\/participation_biennale_art_islamique_2025\\\/#breadcrumb\",\"itemListElement\":[{\"@type\":\"ListItem\",\"position\":1,\"name\":\"Home\",\"item\":\"https:\\\/\\\/www.inp2020.tn\\\/\"},{\"@type\":\"ListItem\",\"position\":2,\"name\":\"Participation \u00e0 la Biennale d&#8217;art islamique 2025\"}]},{\"@type\":\"WebSite\",\"@id\":\"https:\\\/\\\/www.inp2020.tn\\\/#website\",\"url\":\"https:\\\/\\\/www.inp2020.tn\\\/\",\"name\":\"INP \u0627\u0644\u0645\u0639\u0647\u062f \u0627\u0644\u0648\u0637\u0646\u064a \u0644\u0644\u062a\u0631\u0627\u062b\",\"description\":\"\u0625\u0646 \u0639\u0644\u0645 \u0627\u0644\u0622\u062b\u0627\u0631 \u0647\u0648 \u0623\u0633\u0645\u0649 \u0623\u0646\u0648\u0627\u0639 \u0627\u0644\u0628\u062d\u0648\u062b\",\"publisher\":{\"@id\":\"https:\\\/\\\/www.inp2020.tn\\\/#organization\"},\"potentialAction\":[{\"@type\":\"SearchAction\",\"target\":{\"@type\":\"EntryPoint\",\"urlTemplate\":\"https:\\\/\\\/www.inp2020.tn\\\/?s={search_term_string}\"},\"query-input\":{\"@type\":\"PropertyValueSpecification\",\"valueRequired\":true,\"valueName\":\"search_term_string\"}}],\"inLanguage\":\"ar\"},{\"@type\":\"Organization\",\"@id\":\"https:\\\/\\\/www.inp2020.tn\\\/#organization\",\"name\":\"Institut National du Patrimoine - Tunisie\",\"url\":\"https:\\\/\\\/www.inp2020.tn\\\/\",\"logo\":{\"@type\":\"ImageObject\",\"inLanguage\":\"ar\",\"@id\":\"https:\\\/\\\/www.inp2020.tn\\\/#\\\/schema\\\/logo\\\/image\\\/\",\"url\":\"http:\\\/\\\/www.inp2020.tn\\\/wp-content\\\/uploads\\\/2019\\\/12\\\/logo-inp-e1612522185676.jpg\",\"contentUrl\":\"http:\\\/\\\/www.inp2020.tn\\\/wp-content\\\/uploads\\\/2019\\\/12\\\/logo-inp-e1612522185676.jpg\",\"width\":75,\"height\":75,\"caption\":\"Institut National du Patrimoine - Tunisie\"},\"image\":{\"@id\":\"https:\\\/\\\/www.inp2020.tn\\\/#\\\/schema\\\/logo\\\/image\\\/\"},\"sameAs\":[\"https:\\\/\\\/www.facebook.com\\\/Inp.Institut.National.Du.Patrimoine\\\/\"]},{\"@type\":\"Person\",\"@id\":\"https:\\\/\\\/www.inp2020.tn\\\/#\\\/schema\\\/person\\\/bd2f4dd60a7cd9b2beaa801ddc3457a8\",\"name\":\"Ali DABBAGHI\",\"image\":{\"@type\":\"ImageObject\",\"inLanguage\":\"ar\",\"@id\":\"https:\\\/\\\/secure.gravatar.com\\\/avatar\\\/432af6f4f809c18faaf19a936a481c5d5f152b5f7eb7c93a86afa9a18f2ab991?s=96&d=mm&r=g\",\"url\":\"https:\\\/\\\/secure.gravatar.com\\\/avatar\\\/432af6f4f809c18faaf19a936a481c5d5f152b5f7eb7c93a86afa9a18f2ab991?s=96&d=mm&r=g\",\"contentUrl\":\"https:\\\/\\\/secure.gravatar.com\\\/avatar\\\/432af6f4f809c18faaf19a936a481c5d5f152b5f7eb7c93a86afa9a18f2ab991?s=96&d=mm&r=g\",\"caption\":\"Ali DABBAGHI\"},\"description\":\"Ing\u00e9nieur G\u00e9n\u00e9ral sp\u00e9cialiste des syst\u00e8mes d'information et de communication, \u0645\u0647\u0646\u062f\u0633 \u0639\u0627\u0645 \u0641\u064a \u0646\u0638\u0645 \u0627\u0644\u0645\u0639\u0644\u0648\u0645\u0627\u062a \u0648\u0627\u0644\u0627\u062a\u0635\u0627\u0644\u0627\u062a General Engineer information and communication systems\",\"sameAs\":[\"http:\\\/\\\/www.inp2020.tn\",\"https:\\\/\\\/www.facebook.com\\\/ali.dabb.39\\\/\"],\"url\":\"https:\\\/\\\/www.inp2020.tn\\\/ar\\\/author\\\/admin-2\\\/\"}]}<\/script>\n<!-- \/ Yoast SEO plugin. -->","yoast_head_json":{"title":"\u0627\u0644\u0645\u0634\u0627\u0631\u0643\u0629 \u0641\u064a \u0645\u0639\u0631\u0636 \u0627\u0644\u0641\u0646\u0648\u0646 \u0627\u0644\u0625\u0633\u0644\u0627\u0645\u064a\u0629 \u0628\u064a\u0646\u0627\u0644\u064a 2025 - INP \u0627\u0644\u0645\u0639\u0647\u062f \u0627\u0644\u0648\u0637\u0646\u064a \u0644\u0644\u062a\u0631\u0627\u062b","description":"Participation \u00e0 la Biennale d'art islamique","robots":{"index":"index","follow":"follow","max-snippet":"max-snippet:-1","max-image-preview":"max-image-preview:large","max-video-preview":"max-video-preview:-1"},"canonical":"https:\/\/www.inp2020.tn\/2025\/01\/28\/participation_biennale_art_islamique_2025\/","og_locale":"ar_AR","og_type":"article","og_title":"\u0627\u0644\u0645\u0634\u0627\u0631\u0643\u0629 \u0641\u064a \u0645\u0639\u0631\u0636 \u0627\u0644\u0641\u0646\u0648\u0646 \u0627\u0644\u0625\u0633\u0644\u0627\u0645\u064a\u0629 \u0628\u064a\u0646\u0627\u0644\u064a 2025 - INP \u0627\u0644\u0645\u0639\u0647\u062f \u0627\u0644\u0648\u0637\u0646\u064a \u0644\u0644\u062a\u0631\u0627\u062b","og_description":"{:fr}Sous la tutelle du Minist\u00e8re des Affaires Culturelles, l'Institut National du Patrimoine a particip\u00e9 \u00e0 la deuxi\u00e8me \u00e9dition de la Biennale des Arts Islamiques 2025, organis\u00e9e par la Fondation Biennale Diriyah \u00e0 Jeddah, Arabie Saoudite, au Hajjaj Hall de l'a\u00e9roport King Abdulaziz du 23 janvier 2025 au 25 mai 2025. Plus de 32 pays participent \u00e0 cette exposition.{:ar}Participation \u00e0 la Biennale d'art islamique{:}","og_url":"https:\/\/www.inp2020.tn\/2025\/01\/28\/participation_biennale_art_islamique_2025\/","og_site_name":"INP \u0627\u0644\u0645\u0639\u0647\u062f \u0627\u0644\u0648\u0637\u0646\u064a \u0644\u0644\u062a\u0631\u0627\u062b","article_publisher":"https:\/\/www.facebook.com\/Inp.Institut.National.Du.Patrimoine\/","article_author":"https:\/\/www.facebook.com\/ali.dabb.39\/","article_published_time":"2025-01-28T16:50:23+00:00","article_modified_time":"2025-01-28T18:39:33+00:00","og_image":[{"width":1600,"height":1200,"url":"http:\/\/www.inp2020.tn\/wp-content\/uploads\/2025\/01\/manisc-kairouan4.jpg","type":"image\/jpeg"}],"author":"Ali DABBAGHI","twitter_card":"summary_large_image","twitter_misc":{"\u0643\u064f\u062a\u0628 \u0628\u0648\u0627\u0633\u0637\u0629":"Ali DABBAGHI","\u0648\u0642\u062a \u0627\u0644\u0642\u0631\u0627\u0621\u0629 \u0627\u0644\u0645\u064f\u0642\u062f\u0651\u0631":"\u062f\u0642\u064a\u0642\u062a\u0627\u0646"},"schema":{"@context":"https:\/\/schema.org","@graph":[{"@type":"Article","@id":"https:\/\/www.inp2020.tn\/2025\/01\/28\/participation_biennale_art_islamique_2025\/#article","isPartOf":{"@id":"https:\/\/www.inp2020.tn\/2025\/01\/28\/participation_biennale_art_islamique_2025\/"},"author":{"name":"Ali DABBAGHI","@id":"https:\/\/www.inp2020.tn\/#\/schema\/person\/bd2f4dd60a7cd9b2beaa801ddc3457a8"},"headline":"\u0627\u0644\u0645\u0634\u0627\u0631\u0643\u0629 \u0641\u064a \u0645\u0639\u0631\u0636 \u0627\u0644\u0641\u0646\u0648\u0646 \u0627\u0644\u0625\u0633\u0644\u0627\u0645\u064a\u0629 \u0628\u064a\u0646\u0627\u0644\u064a 2025","datePublished":"2025-01-28T16:50:23+00:00","dateModified":"2025-01-28T18:39:33+00:00","mainEntityOfPage":{"@id":"https:\/\/www.inp2020.tn\/2025\/01\/28\/participation_biennale_art_islamique_2025\/"},"wordCount":528,"commentCount":0,"publisher":{"@id":"https:\/\/www.inp2020.tn\/#organization"},"image":{"@id":"https:\/\/www.inp2020.tn\/2025\/01\/28\/participation_biennale_art_islamique_2025\/#primaryimage"},"thumbnailUrl":"https:\/\/www.inp2020.tn\/wp-content\/uploads\/2025\/01\/manisc-kairouan4.jpg","keywords":["Arabie Saoudite","Biennale des Arts Islamiques 2025","Jeddah","manuscrits de Kairouan","\u062c\u062f\u0629 \u0628\u0627\u0644\u0645\u0645\u0644\u0643\u0629 \u0627\u0644\u0639\u0631\u0628\u064a\u0629 \u0627\u0644\u0633\u0639\u0648\u062f\u064a\u0629","\u0645\u062e\u0637\u0648\u0637\u0627\u062a \u0642\u064a\u0631\u0648\u0627\u0646\u064a\u0629","\u0645\u0639\u0631\u0636 \u0627\u0644\u0641\u0646\u0648\u0646 \u0627\u0644\u0625\u0633\u0644\u0627\u0645\u064a\u0629 \u0628\u064a\u0646\u0627\u0644\u064a 2025"],"articleSection":["\u0627\u0644\u0646\u0634\u0627\u0637"],"inLanguage":"ar","potentialAction":[{"@type":"CommentAction","name":"Comment","target":["https:\/\/www.inp2020.tn\/2025\/01\/28\/participation_biennale_art_islamique_2025\/#respond"]}]},{"@type":"WebPage","@id":"https:\/\/www.inp2020.tn\/2025\/01\/28\/participation_biennale_art_islamique_2025\/","url":"https:\/\/www.inp2020.tn\/2025\/01\/28\/participation_biennale_art_islamique_2025\/","name":"\u0627\u0644\u0645\u0634\u0627\u0631\u0643\u0629 \u0641\u064a \u0645\u0639\u0631\u0636 \u0627\u0644\u0641\u0646\u0648\u0646 \u0627\u0644\u0625\u0633\u0644\u0627\u0645\u064a\u0629 \u0628\u064a\u0646\u0627\u0644\u064a 2025 - INP \u0627\u0644\u0645\u0639\u0647\u062f \u0627\u0644\u0648\u0637\u0646\u064a \u0644\u0644\u062a\u0631\u0627\u062b","isPartOf":{"@id":"https:\/\/www.inp2020.tn\/#website"},"primaryImageOfPage":{"@id":"https:\/\/www.inp2020.tn\/2025\/01\/28\/participation_biennale_art_islamique_2025\/#primaryimage"},"image":{"@id":"https:\/\/www.inp2020.tn\/2025\/01\/28\/participation_biennale_art_islamique_2025\/#primaryimage"},"thumbnailUrl":"https:\/\/www.inp2020.tn\/wp-content\/uploads\/2025\/01\/manisc-kairouan4.jpg","datePublished":"2025-01-28T16:50:23+00:00","dateModified":"2025-01-28T18:39:33+00:00","description":"{:fr}Sous la tutelle du Minist\u00e8re des Affaires Culturelles, l'Institut National du Patrimoine a particip\u00e9 \u00e0 la deuxi\u00e8me \u00e9dition de la Biennale des Arts Islamiques 2025, organis\u00e9e par la Fondation Biennale Diriyah \u00e0 Jeddah, Arabie Saoudite, au Hajjaj Hall de l'a\u00e9roport King Abdulaziz du 23 janvier 2025 au 25 mai 2025. Plus de 32 pays participent \u00e0 cette exposition.{:ar}Participation \u00e0 la Biennale d'art islamique{:}","breadcrumb":{"@id":"https:\/\/www.inp2020.tn\/2025\/01\/28\/participation_biennale_art_islamique_2025\/#breadcrumb"},"inLanguage":"ar","potentialAction":[{"@type":"ReadAction","target":["https:\/\/www.inp2020.tn\/2025\/01\/28\/participation_biennale_art_islamique_2025\/"]}]},{"@type":"ImageObject","inLanguage":"ar","@id":"https:\/\/www.inp2020.tn\/2025\/01\/28\/participation_biennale_art_islamique_2025\/#primaryimage","url":"https:\/\/www.inp2020.tn\/wp-content\/uploads\/2025\/01\/manisc-kairouan4.jpg","contentUrl":"https:\/\/www.inp2020.tn\/wp-content\/uploads\/2025\/01\/manisc-kairouan4.jpg","width":1600,"height":1200,"caption":"Participation \u00e0 la Biennale d'art islamique"},{"@type":"BreadcrumbList","@id":"https:\/\/www.inp2020.tn\/2025\/01\/28\/participation_biennale_art_islamique_2025\/#breadcrumb","itemListElement":[{"@type":"ListItem","position":1,"name":"Home","item":"https:\/\/www.inp2020.tn\/"},{"@type":"ListItem","position":2,"name":"Participation \u00e0 la Biennale d&#8217;art islamique 2025"}]},{"@type":"WebSite","@id":"https:\/\/www.inp2020.tn\/#website","url":"https:\/\/www.inp2020.tn\/","name":"INP \u0627\u0644\u0645\u0639\u0647\u062f \u0627\u0644\u0648\u0637\u0646\u064a \u0644\u0644\u062a\u0631\u0627\u062b","description":"\u0625\u0646 \u0639\u0644\u0645 \u0627\u0644\u0622\u062b\u0627\u0631 \u0647\u0648 \u0623\u0633\u0645\u0649 \u0623\u0646\u0648\u0627\u0639 \u0627\u0644\u0628\u062d\u0648\u062b","publisher":{"@id":"https:\/\/www.inp2020.tn\/#organization"},"potentialAction":[{"@type":"SearchAction","target":{"@type":"EntryPoint","urlTemplate":"https:\/\/www.inp2020.tn\/?s={search_term_string}"},"query-input":{"@type":"PropertyValueSpecification","valueRequired":true,"valueName":"search_term_string"}}],"inLanguage":"ar"},{"@type":"Organization","@id":"https:\/\/www.inp2020.tn\/#organization","name":"Institut National du Patrimoine - Tunisie","url":"https:\/\/www.inp2020.tn\/","logo":{"@type":"ImageObject","inLanguage":"ar","@id":"https:\/\/www.inp2020.tn\/#\/schema\/logo\/image\/","url":"http:\/\/www.inp2020.tn\/wp-content\/uploads\/2019\/12\/logo-inp-e1612522185676.jpg","contentUrl":"http:\/\/www.inp2020.tn\/wp-content\/uploads\/2019\/12\/logo-inp-e1612522185676.jpg","width":75,"height":75,"caption":"Institut National du Patrimoine - Tunisie"},"image":{"@id":"https:\/\/www.inp2020.tn\/#\/schema\/logo\/image\/"},"sameAs":["https:\/\/www.facebook.com\/Inp.Institut.National.Du.Patrimoine\/"]},{"@type":"Person","@id":"https:\/\/www.inp2020.tn\/#\/schema\/person\/bd2f4dd60a7cd9b2beaa801ddc3457a8","name":"Ali DABBAGHI","image":{"@type":"ImageObject","inLanguage":"ar","@id":"https:\/\/secure.gravatar.com\/avatar\/432af6f4f809c18faaf19a936a481c5d5f152b5f7eb7c93a86afa9a18f2ab991?s=96&d=mm&r=g","url":"https:\/\/secure.gravatar.com\/avatar\/432af6f4f809c18faaf19a936a481c5d5f152b5f7eb7c93a86afa9a18f2ab991?s=96&d=mm&r=g","contentUrl":"https:\/\/secure.gravatar.com\/avatar\/432af6f4f809c18faaf19a936a481c5d5f152b5f7eb7c93a86afa9a18f2ab991?s=96&d=mm&r=g","caption":"Ali DABBAGHI"},"description":"Ing\u00e9nieur G\u00e9n\u00e9ral sp\u00e9cialiste des syst\u00e8mes d'information et de communication, \u0645\u0647\u0646\u062f\u0633 \u0639\u0627\u0645 \u0641\u064a \u0646\u0638\u0645 \u0627\u0644\u0645\u0639\u0644\u0648\u0645\u0627\u062a \u0648\u0627\u0644\u0627\u062a\u0635\u0627\u0644\u0627\u062a General Engineer information and communication systems","sameAs":["http:\/\/www.inp2020.tn","https:\/\/www.facebook.com\/ali.dabb.39\/"],"url":"https:\/\/www.inp2020.tn\/ar\/author\/admin-2\/"}]}},"_links":{"self":[{"href":"https:\/\/www.inp2020.tn\/ar\/wp-json\/wp\/v2\/posts\/12357","targetHints":{"allow":["GET"]}}],"collection":[{"href":"https:\/\/www.inp2020.tn\/ar\/wp-json\/wp\/v2\/posts"}],"about":[{"href":"https:\/\/www.inp2020.tn\/ar\/wp-json\/wp\/v2\/types\/post"}],"author":[{"embeddable":true,"href":"https:\/\/www.inp2020.tn\/ar\/wp-json\/wp\/v2\/users\/1"}],"replies":[{"embeddable":true,"href":"https:\/\/www.inp2020.tn\/ar\/wp-json\/wp\/v2\/comments?post=12357"}],"version-history":[{"count":6,"href":"https:\/\/www.inp2020.tn\/ar\/wp-json\/wp\/v2\/posts\/12357\/revisions"}],"predecessor-version":[{"id":12366,"href":"https:\/\/www.inp2020.tn\/ar\/wp-json\/wp\/v2\/posts\/12357\/revisions\/12366"}],"wp:featuredmedia":[{"embeddable":true,"href":"https:\/\/www.inp2020.tn\/ar\/wp-json\/wp\/v2\/media\/12358"}],"wp:attachment":[{"href":"https:\/\/www.inp2020.tn\/ar\/wp-json\/wp\/v2\/media?parent=12357"}],"wp:term":[{"taxonomy":"category","embeddable":true,"href":"https:\/\/www.inp2020.tn\/ar\/wp-json\/wp\/v2\/categories?post=12357"},{"taxonomy":"post_tag","embeddable":true,"href":"https:\/\/www.inp2020.tn\/ar\/wp-json\/wp\/v2\/tags?post=12357"}],"curies":[{"name":"wp","href":"https:\/\/api.w.org\/{rel}","templated":true}]}}