{"id":13570,"date":"2025-05-21T18:11:27","date_gmt":"2025-05-21T17:11:27","guid":{"rendered":"https:\/\/www.inp2020.tn\/?p=13570"},"modified":"2025-05-21T18:47:07","modified_gmt":"2025-05-21T17:47:07","slug":"_appel_a_candidature-2025","status":"publish","type":"post","link":"https:\/\/www.inp2020.tn\/ar\/2025\/05\/21\/_appel_a_candidature-2025\/","title":{"rendered":"\u0627\u0646\u062a\u062f\u0627\u0628 \u0645\u0643\u0644\u0651\u0641\u064a\u0646 \u0628\u0627\u0644\u0628\u062d\u0648\u062b \u0627\u0644\u0623\u062b\u0631\u064a\u0629 \u0648\u0627\u0644\u062a\u0627\u0631\u064a\u062e\u064a\u0629"},"content":{"rendered":"\u064a\u0646\u0638\u0651\u0645 \u0627\u0644\u0645\u0639\u0647\u062f \u0627\u0644\u0648\u0637\u0646\u064a \u0644\u0644\u062a\u0631\u0627\u062b \u064a\u0648\u0645 5 \u0623\u0648\u062a 2025 \u0648\u0627\u0644\u0623\u064a\u0627\u0645 \u0627\u0644\u0645\u0648\u0627\u0644\u064a\u0629 \u0645\u0646\u0627\u0638\u0631\u0629 \u062e\u0627\u0631\u062d\u064a\u0629 \u0628\u0627\u0644\u0645\u0644\u0641\u0627\u062a \u0648\u0627\u0644\u0627\u062e\u062a\u0628\u0627\u0631\u0627\u062a \u0644\u0627\u0646\u062a\u062f\u0627\u0628 \u00a0\u0645\u0643\u0644\u0651\u0641\u064a\u0646 \u0628\u0627\u0644\u0628\u062d\u0648\u062b \u0627\u0644\u0623\u062b\u0631\u064a\u0629 \u0648\u0627\u0644\u062a\u0627\u0631\u064a\u062e\u064a\u0629 \u0641\u064a \u0627\u062e\u062a\u0635\u0627\u0635 \u0645\u0627 \u0642\u0628\u0644 \u0627\u0644\u062a\u0627\u0631\u064a\u062e\u060c \u0641\u062c\u0631 \u0627\u0644\u062a\u0627\u0631\u064a\u062e \u0648\u0639\u0644\u0645 \u0627\u0644\u0646\u0651\u0648\u0645\u064a\u0651\u0627\u062a \u0627\u0644\u0642\u062f\u064a\u0645\u0629 \u062a\u0627\u0631\u064a\u062e \u062e\u062a\u0645 \u0627\u0644\u062a\u0631\u0634\u062d\u0627\u062a: 30 \u062c\u0648\u0627\u0646 2025. RCR2025 <a href=\"https:\/\/www.inp2020.tn\/ar\/2025\/05\/21\/_appel_a_candidature-2025\/\" class=\"more-link\">(\u0627\u0644\u0645\u0632\u064a\u062f&hellip;)<\/a>","protected":false},"excerpt":{"rendered":"<p>\u064a\u0646\u0638\u0651\u0645 \u0627\u0644\u0645\u0639\u0647\u062f \u0627\u0644\u0648\u0637\u0646\u064a \u0644\u0644\u062a\u0631\u0627\u062b \u064a\u0648\u0645 5 \u0623\u0648\u062a 2025 \u0648\u0627\u0644\u0623\u064a\u0627\u0645 \u0627\u0644\u0645\u0648\u0627\u0644\u064a\u0629 \u0645\u0646\u0627\u0638\u0631\u0629 \u062e\u0627\u0631\u062d\u064a\u0629 \u0628\u0627\u0644\u0645\u0644\u0641\u0627\u062a \u0648\u0627\u0644\u0627\u062e\u062a\u0628\u0627\u0631\u0627\u062a \u0644\u0627\u0646\u062a\u062f\u0627\u0628 \u00a0\u0645\u0643\u0644\u0651\u0641\u064a\u0646 \u0628\u0627\u0644\u0628\u062d\u0648\u062b \u0627\u0644\u0623\u062b\u0631\u064a\u0629 \u0648\u0627\u0644\u062a\u0627\u0631\u064a\u062e\u064a\u0629 \u0641\u064a \u0627\u062e\u062a\u0635\u0627\u0635 \u0645\u0627 \u0642\u0628\u0644 \u0627\u0644\u062a\u0627\u0631\u064a\u062e\u060c \u0641\u062c\u0631 \u0627\u0644\u062a\u0627\u0631\u064a\u062e \u0648\u0639\u0644\u0645 \u0627\u0644\u0646\u0651\u0648\u0645\u064a\u0651\u0627\u062a \u0627\u0644\u0642\u062f\u064a\u0645\u0629 \u062a\u0627\u0631\u064a\u062e \u062e\u062a\u0645 \u0627\u0644\u062a\u0631\u0634\u062d\u0627\u062a: 30 \u062c\u0648\u0627\u0646 2025. (\u0627\u0644\u0645\u0632\u064a\u062f&hellip;)<\/p>\n","protected":false},"author":1,"featured_media":13572,"comment_status":"open","ping_status":"closed","sticky":false,"template":"","format":"standard","meta":{"_uf_show_specific_survey":0,"_uf_disable_surveys":false,"footnotes":""},"categories":[51],"tags":[],"class_list":["post-13570","post","type-post","status-publish","format-standard","has-post-thumbnail","hentry","category-_notes"],"yoast_head":"<!-- This site is optimized with the Yoast SEO plugin v27.5 - https:\/\/yoast.com\/product\/yoast-seo-wordpress\/ -->\n<title>\u0627\u0646\u062a\u062f\u0627\u0628 \u0645\u0643\u0644\u0651\u0641\u064a\u0646 \u0628\u0627\u0644\u0628\u062d\u0648\u062b \u0627\u0644\u0623\u062b\u0631\u064a\u0629 \u0648\u0627\u0644\u062a\u0627\u0631\u064a\u062e\u064a\u0629 - INP \u0627\u0644\u0645\u0639\u0647\u062f \u0627\u0644\u0648\u0637\u0646\u064a \u0644\u0644\u062a\u0631\u0627\u062b<\/title>\n<meta name=\"description\" content=\"Le 5 ao\u00fbt 2025 et les jours suivants, l&#039;Institut National du Patrimoine lance un appel \u00e0 candidature externe sur dossiers et \u00e0 \u00e9preuves pour le recrutement de 02 attach\u00e9s de recherche en arch\u00e9ologie et en histoire.\" \/>\n<meta name=\"robots\" content=\"index, follow, max-snippet:-1, max-image-preview:large, max-video-preview:-1\" \/>\n<link rel=\"canonical\" href=\"https:\/\/www.inp2020.tn\/2025\/05\/21\/_appel_a_candidature-2025\/\" \/>\n<meta property=\"og:locale\" content=\"ar_AR\" \/>\n<meta property=\"og:type\" content=\"article\" \/>\n<meta property=\"og:title\" content=\"\u0627\u0646\u062a\u062f\u0627\u0628 \u0645\u0643\u0644\u0651\u0641\u064a\u0646 \u0628\u0627\u0644\u0628\u062d\u0648\u062b \u0627\u0644\u0623\u062b\u0631\u064a\u0629 \u0648\u0627\u0644\u062a\u0627\u0631\u064a\u062e\u064a\u0629 - INP \u0627\u0644\u0645\u0639\u0647\u062f \u0627\u0644\u0648\u0637\u0646\u064a \u0644\u0644\u062a\u0631\u0627\u062b\" \/>\n<meta property=\"og:description\" content=\"{:fr}Appel \u00e0 candidature : recrutement des attach\u00e9s de recherches Le 5 ao\u00fbt 2025 et les jours suivants, l&#039;Institut National du Patrimoine lance un appel \u00e0 candidature externe sur dossiers et \u00e0 \u00e9preuves pour le recrutement de 02 attach\u00e9s de recherche en arch\u00e9ologie et en histoire.{:ar} Le 5 ao\u00fbt 2025 et les jours suivants, l&#039;Institut National du Patrimoine lance un appel \u00e0 candidature externe sur dossiers et \u00e0 \u00e9preuves pour le recrutement de 02 attach\u00e9s de recherche en arch\u00e9ologie et en histoire.{:en} Le 5 ao\u00fbt 2025 et les jours suivants, l&#039;Institut National du Patrimoine lance un appel \u00e0 candidature externe sur dossiers et \u00e0 \u00e9preuves pour le recrutement de 02 attach\u00e9s de recherche en arch\u00e9ologie et en histoire.{:}\" \/>\n<meta property=\"og:url\" content=\"https:\/\/www.inp2020.tn\/2025\/05\/21\/_appel_a_candidature-2025\/\" \/>\n<meta property=\"og:site_name\" content=\"INP \u0627\u0644\u0645\u0639\u0647\u062f \u0627\u0644\u0648\u0637\u0646\u064a \u0644\u0644\u062a\u0631\u0627\u062b\" \/>\n<meta property=\"article:publisher\" content=\"https:\/\/www.facebook.com\/Inp.Institut.National.Du.Patrimoine\/\" \/>\n<meta property=\"article:author\" content=\"https:\/\/www.facebook.com\/ali.dabb.39\/\" \/>\n<meta property=\"article:published_time\" content=\"2025-05-21T17:11:27+00:00\" \/>\n<meta property=\"article:modified_time\" content=\"2025-05-21T17:47:07+00:00\" \/>\n<meta property=\"og:image\" content=\"http:\/\/www.inp2020.tn\/wp-content\/uploads\/2025\/05\/recrutement.png\" \/>\n\t<meta property=\"og:image:width\" content=\"770\" \/>\n\t<meta property=\"og:image:height\" content=\"267\" \/>\n\t<meta property=\"og:image:type\" content=\"image\/png\" \/>\n<meta name=\"author\" content=\"Ali DABBAGHI\" \/>\n<meta name=\"twitter:card\" content=\"summary_large_image\" \/>\n<meta name=\"twitter:label1\" content=\"\u0643\u064f\u062a\u0628 \u0628\u0648\u0627\u0633\u0637\u0629\" \/>\n\t<meta name=\"twitter:data1\" content=\"Ali DABBAGHI\" \/>\n\t<meta name=\"twitter:label2\" content=\"\u0648\u0642\u062a \u0627\u0644\u0642\u0631\u0627\u0621\u0629 \u0627\u0644\u0645\u064f\u0642\u062f\u0651\u0631\" \/>\n\t<meta name=\"twitter:data2\" content=\"\u062f\u0642\u064a\u0642\u0629 \u0648\u0627\u062d\u062f\u0629\" \/>\n<script type=\"application\/ld+json\" class=\"yoast-schema-graph\">{\"@context\":\"https:\\\/\\\/schema.org\",\"@graph\":[{\"@type\":\"Article\",\"@id\":\"https:\\\/\\\/www.inp2020.tn\\\/2025\\\/05\\\/21\\\/_appel_a_candidature-2025\\\/#article\",\"isPartOf\":{\"@id\":\"https:\\\/\\\/www.inp2020.tn\\\/2025\\\/05\\\/21\\\/_appel_a_candidature-2025\\\/\"},\"author\":{\"name\":\"Ali DABBAGHI\",\"@id\":\"https:\\\/\\\/www.inp2020.tn\\\/#\\\/schema\\\/person\\\/bd2f4dd60a7cd9b2beaa801ddc3457a8\"},\"headline\":\"\u0627\u0646\u062a\u062f\u0627\u0628 \u0645\u0643\u0644\u0651\u0641\u064a\u0646 \u0628\u0627\u0644\u0628\u062d\u0648\u062b \u0627\u0644\u0623\u062b\u0631\u064a\u0629 \u0648\u0627\u0644\u062a\u0627\u0631\u064a\u062e\u064a\u0629\",\"datePublished\":\"2025-05-21T17:11:27+00:00\",\"dateModified\":\"2025-05-21T17:47:07+00:00\",\"mainEntityOfPage\":{\"@id\":\"https:\\\/\\\/www.inp2020.tn\\\/2025\\\/05\\\/21\\\/_appel_a_candidature-2025\\\/\"},\"wordCount\":113,\"commentCount\":0,\"publisher\":{\"@id\":\"https:\\\/\\\/www.inp2020.tn\\\/#organization\"},\"image\":{\"@id\":\"https:\\\/\\\/www.inp2020.tn\\\/2025\\\/05\\\/21\\\/_appel_a_candidature-2025\\\/#primaryimage\"},\"thumbnailUrl\":\"https:\\\/\\\/www.inp2020.tn\\\/wp-content\\\/uploads\\\/2025\\\/05\\\/recrutement.png\",\"articleSection\":[\"\u0648\u062b\u0627\u0626\u0642 \u0625\u062f\u0627\u0631\u064a\u0629\"],\"inLanguage\":\"ar\",\"potentialAction\":[{\"@type\":\"CommentAction\",\"name\":\"Comment\",\"target\":[\"https:\\\/\\\/www.inp2020.tn\\\/2025\\\/05\\\/21\\\/_appel_a_candidature-2025\\\/#respond\"]}]},{\"@type\":\"WebPage\",\"@id\":\"https:\\\/\\\/www.inp2020.tn\\\/2025\\\/05\\\/21\\\/_appel_a_candidature-2025\\\/\",\"url\":\"https:\\\/\\\/www.inp2020.tn\\\/2025\\\/05\\\/21\\\/_appel_a_candidature-2025\\\/\",\"name\":\"\u0627\u0646\u062a\u062f\u0627\u0628 \u0645\u0643\u0644\u0651\u0641\u064a\u0646 \u0628\u0627\u0644\u0628\u062d\u0648\u062b \u0627\u0644\u0623\u062b\u0631\u064a\u0629 \u0648\u0627\u0644\u062a\u0627\u0631\u064a\u062e\u064a\u0629 - INP \u0627\u0644\u0645\u0639\u0647\u062f \u0627\u0644\u0648\u0637\u0646\u064a \u0644\u0644\u062a\u0631\u0627\u062b\",\"isPartOf\":{\"@id\":\"https:\\\/\\\/www.inp2020.tn\\\/#website\"},\"primaryImageOfPage\":{\"@id\":\"https:\\\/\\\/www.inp2020.tn\\\/2025\\\/05\\\/21\\\/_appel_a_candidature-2025\\\/#primaryimage\"},\"image\":{\"@id\":\"https:\\\/\\\/www.inp2020.tn\\\/2025\\\/05\\\/21\\\/_appel_a_candidature-2025\\\/#primaryimage\"},\"thumbnailUrl\":\"https:\\\/\\\/www.inp2020.tn\\\/wp-content\\\/uploads\\\/2025\\\/05\\\/recrutement.png\",\"datePublished\":\"2025-05-21T17:11:27+00:00\",\"dateModified\":\"2025-05-21T17:47:07+00:00\",\"description\":\"{:fr}Appel \u00e0 candidature : recrutement des attach\u00e9s de recherches Le 5 ao\u00fbt 2025 et les jours suivants, l'Institut National du Patrimoine lance un appel \u00e0 candidature externe sur dossiers et \u00e0 \u00e9preuves pour le recrutement de 02 attach\u00e9s de recherche en arch\u00e9ologie et en histoire.{:ar} Le 5 ao\u00fbt 2025 et les jours suivants, l'Institut National du Patrimoine lance un appel \u00e0 candidature externe sur dossiers et \u00e0 \u00e9preuves pour le recrutement de 02 attach\u00e9s de recherche en arch\u00e9ologie et en histoire.{:en} Le 5 ao\u00fbt 2025 et les jours suivants, l'Institut National du Patrimoine lance un appel \u00e0 candidature externe sur dossiers et \u00e0 \u00e9preuves pour le recrutement de 02 attach\u00e9s de recherche en arch\u00e9ologie et en histoire.{:}\",\"breadcrumb\":{\"@id\":\"https:\\\/\\\/www.inp2020.tn\\\/2025\\\/05\\\/21\\\/_appel_a_candidature-2025\\\/#breadcrumb\"},\"inLanguage\":\"ar\",\"potentialAction\":[{\"@type\":\"ReadAction\",\"target\":[\"https:\\\/\\\/www.inp2020.tn\\\/2025\\\/05\\\/21\\\/_appel_a_candidature-2025\\\/\"]}]},{\"@type\":\"ImageObject\",\"inLanguage\":\"ar\",\"@id\":\"https:\\\/\\\/www.inp2020.tn\\\/2025\\\/05\\\/21\\\/_appel_a_candidature-2025\\\/#primaryimage\",\"url\":\"https:\\\/\\\/www.inp2020.tn\\\/wp-content\\\/uploads\\\/2025\\\/05\\\/recrutement.png\",\"contentUrl\":\"https:\\\/\\\/www.inp2020.tn\\\/wp-content\\\/uploads\\\/2025\\\/05\\\/recrutement.png\",\"width\":770,\"height\":267,\"caption\":\"Recrutement\"},{\"@type\":\"BreadcrumbList\",\"@id\":\"https:\\\/\\\/www.inp2020.tn\\\/2025\\\/05\\\/21\\\/_appel_a_candidature-2025\\\/#breadcrumb\",\"itemListElement\":[{\"@type\":\"ListItem\",\"position\":1,\"name\":\"Home\",\"item\":\"https:\\\/\\\/www.inp2020.tn\\\/\"},{\"@type\":\"ListItem\",\"position\":2,\"name\":\"Appel \u00e0 candidature : recrutement des attach\u00e9s de recherches\"}]},{\"@type\":\"WebSite\",\"@id\":\"https:\\\/\\\/www.inp2020.tn\\\/#website\",\"url\":\"https:\\\/\\\/www.inp2020.tn\\\/\",\"name\":\"INP \u0627\u0644\u0645\u0639\u0647\u062f \u0627\u0644\u0648\u0637\u0646\u064a \u0644\u0644\u062a\u0631\u0627\u062b\",\"description\":\"\u0625\u0646 \u0639\u0644\u0645 \u0627\u0644\u0622\u062b\u0627\u0631 \u0647\u0648 \u0623\u0633\u0645\u0649 \u0623\u0646\u0648\u0627\u0639 \u0627\u0644\u0628\u062d\u0648\u062b\",\"publisher\":{\"@id\":\"https:\\\/\\\/www.inp2020.tn\\\/#organization\"},\"potentialAction\":[{\"@type\":\"SearchAction\",\"target\":{\"@type\":\"EntryPoint\",\"urlTemplate\":\"https:\\\/\\\/www.inp2020.tn\\\/?s={search_term_string}\"},\"query-input\":{\"@type\":\"PropertyValueSpecification\",\"valueRequired\":true,\"valueName\":\"search_term_string\"}}],\"inLanguage\":\"ar\"},{\"@type\":\"Organization\",\"@id\":\"https:\\\/\\\/www.inp2020.tn\\\/#organization\",\"name\":\"Institut National du Patrimoine - Tunisie\",\"url\":\"https:\\\/\\\/www.inp2020.tn\\\/\",\"logo\":{\"@type\":\"ImageObject\",\"inLanguage\":\"ar\",\"@id\":\"https:\\\/\\\/www.inp2020.tn\\\/#\\\/schema\\\/logo\\\/image\\\/\",\"url\":\"http:\\\/\\\/www.inp2020.tn\\\/wp-content\\\/uploads\\\/2019\\\/12\\\/logo-inp-e1612522185676.jpg\",\"contentUrl\":\"http:\\\/\\\/www.inp2020.tn\\\/wp-content\\\/uploads\\\/2019\\\/12\\\/logo-inp-e1612522185676.jpg\",\"width\":75,\"height\":75,\"caption\":\"Institut National du Patrimoine - Tunisie\"},\"image\":{\"@id\":\"https:\\\/\\\/www.inp2020.tn\\\/#\\\/schema\\\/logo\\\/image\\\/\"},\"sameAs\":[\"https:\\\/\\\/www.facebook.com\\\/Inp.Institut.National.Du.Patrimoine\\\/\"]},{\"@type\":\"Person\",\"@id\":\"https:\\\/\\\/www.inp2020.tn\\\/#\\\/schema\\\/person\\\/bd2f4dd60a7cd9b2beaa801ddc3457a8\",\"name\":\"Ali DABBAGHI\",\"image\":{\"@type\":\"ImageObject\",\"inLanguage\":\"ar\",\"@id\":\"https:\\\/\\\/secure.gravatar.com\\\/avatar\\\/432af6f4f809c18faaf19a936a481c5d5f152b5f7eb7c93a86afa9a18f2ab991?s=96&d=mm&r=g\",\"url\":\"https:\\\/\\\/secure.gravatar.com\\\/avatar\\\/432af6f4f809c18faaf19a936a481c5d5f152b5f7eb7c93a86afa9a18f2ab991?s=96&d=mm&r=g\",\"contentUrl\":\"https:\\\/\\\/secure.gravatar.com\\\/avatar\\\/432af6f4f809c18faaf19a936a481c5d5f152b5f7eb7c93a86afa9a18f2ab991?s=96&d=mm&r=g\",\"caption\":\"Ali DABBAGHI\"},\"description\":\"Ing\u00e9nieur G\u00e9n\u00e9ral sp\u00e9cialiste des syst\u00e8mes d'information et de communication, \u0645\u0647\u0646\u062f\u0633 \u0639\u0627\u0645 \u0641\u064a \u0646\u0638\u0645 \u0627\u0644\u0645\u0639\u0644\u0648\u0645\u0627\u062a \u0648\u0627\u0644\u0627\u062a\u0635\u0627\u0644\u0627\u062a General Engineer information and communication systems\",\"sameAs\":[\"http:\\\/\\\/www.inp2020.tn\",\"https:\\\/\\\/www.facebook.com\\\/ali.dabb.39\\\/\"],\"url\":\"https:\\\/\\\/www.inp2020.tn\\\/ar\\\/author\\\/admin-2\\\/\"}]}<\/script>\n<!-- \/ Yoast SEO plugin. -->","yoast_head_json":{"title":"\u0627\u0646\u062a\u062f\u0627\u0628 \u0645\u0643\u0644\u0651\u0641\u064a\u0646 \u0628\u0627\u0644\u0628\u062d\u0648\u062b \u0627\u0644\u0623\u062b\u0631\u064a\u0629 \u0648\u0627\u0644\u062a\u0627\u0631\u064a\u062e\u064a\u0629 - INP \u0627\u0644\u0645\u0639\u0647\u062f \u0627\u0644\u0648\u0637\u0646\u064a \u0644\u0644\u062a\u0631\u0627\u062b","description":"Le 5 ao\u00fbt 2025 et les jours suivants, l'Institut National du Patrimoine lance un appel \u00e0 candidature externe sur dossiers et \u00e0 \u00e9preuves pour le recrutement de 02 attach\u00e9s de recherche en arch\u00e9ologie et en histoire.","robots":{"index":"index","follow":"follow","max-snippet":"max-snippet:-1","max-image-preview":"max-image-preview:large","max-video-preview":"max-video-preview:-1"},"canonical":"https:\/\/www.inp2020.tn\/2025\/05\/21\/_appel_a_candidature-2025\/","og_locale":"ar_AR","og_type":"article","og_title":"\u0627\u0646\u062a\u062f\u0627\u0628 \u0645\u0643\u0644\u0651\u0641\u064a\u0646 \u0628\u0627\u0644\u0628\u062d\u0648\u062b \u0627\u0644\u0623\u062b\u0631\u064a\u0629 \u0648\u0627\u0644\u062a\u0627\u0631\u064a\u062e\u064a\u0629 - INP \u0627\u0644\u0645\u0639\u0647\u062f \u0627\u0644\u0648\u0637\u0646\u064a \u0644\u0644\u062a\u0631\u0627\u062b","og_description":"{:fr}Appel \u00e0 candidature : recrutement des attach\u00e9s de recherches Le 5 ao\u00fbt 2025 et les jours suivants, l'Institut National du Patrimoine lance un appel \u00e0 candidature externe sur dossiers et \u00e0 \u00e9preuves pour le recrutement de 02 attach\u00e9s de recherche en arch\u00e9ologie et en histoire.{:ar} Le 5 ao\u00fbt 2025 et les jours suivants, l'Institut National du Patrimoine lance un appel \u00e0 candidature externe sur dossiers et \u00e0 \u00e9preuves pour le recrutement de 02 attach\u00e9s de recherche en arch\u00e9ologie et en histoire.{:en} Le 5 ao\u00fbt 2025 et les jours suivants, l'Institut National du Patrimoine lance un appel \u00e0 candidature externe sur dossiers et \u00e0 \u00e9preuves pour le recrutement de 02 attach\u00e9s de recherche en arch\u00e9ologie et en histoire.{:}","og_url":"https:\/\/www.inp2020.tn\/2025\/05\/21\/_appel_a_candidature-2025\/","og_site_name":"INP \u0627\u0644\u0645\u0639\u0647\u062f \u0627\u0644\u0648\u0637\u0646\u064a \u0644\u0644\u062a\u0631\u0627\u062b","article_publisher":"https:\/\/www.facebook.com\/Inp.Institut.National.Du.Patrimoine\/","article_author":"https:\/\/www.facebook.com\/ali.dabb.39\/","article_published_time":"2025-05-21T17:11:27+00:00","article_modified_time":"2025-05-21T17:47:07+00:00","og_image":[{"width":770,"height":267,"url":"http:\/\/www.inp2020.tn\/wp-content\/uploads\/2025\/05\/recrutement.png","type":"image\/png"}],"author":"Ali DABBAGHI","twitter_card":"summary_large_image","twitter_misc":{"\u0643\u064f\u062a\u0628 \u0628\u0648\u0627\u0633\u0637\u0629":"Ali DABBAGHI","\u0648\u0642\u062a \u0627\u0644\u0642\u0631\u0627\u0621\u0629 \u0627\u0644\u0645\u064f\u0642\u062f\u0651\u0631":"\u062f\u0642\u064a\u0642\u0629 \u0648\u0627\u062d\u062f\u0629"},"schema":{"@context":"https:\/\/schema.org","@graph":[{"@type":"Article","@id":"https:\/\/www.inp2020.tn\/2025\/05\/21\/_appel_a_candidature-2025\/#article","isPartOf":{"@id":"https:\/\/www.inp2020.tn\/2025\/05\/21\/_appel_a_candidature-2025\/"},"author":{"name":"Ali DABBAGHI","@id":"https:\/\/www.inp2020.tn\/#\/schema\/person\/bd2f4dd60a7cd9b2beaa801ddc3457a8"},"headline":"\u0627\u0646\u062a\u062f\u0627\u0628 \u0645\u0643\u0644\u0651\u0641\u064a\u0646 \u0628\u0627\u0644\u0628\u062d\u0648\u062b \u0627\u0644\u0623\u062b\u0631\u064a\u0629 \u0648\u0627\u0644\u062a\u0627\u0631\u064a\u062e\u064a\u0629","datePublished":"2025-05-21T17:11:27+00:00","dateModified":"2025-05-21T17:47:07+00:00","mainEntityOfPage":{"@id":"https:\/\/www.inp2020.tn\/2025\/05\/21\/_appel_a_candidature-2025\/"},"wordCount":113,"commentCount":0,"publisher":{"@id":"https:\/\/www.inp2020.tn\/#organization"},"image":{"@id":"https:\/\/www.inp2020.tn\/2025\/05\/21\/_appel_a_candidature-2025\/#primaryimage"},"thumbnailUrl":"https:\/\/www.inp2020.tn\/wp-content\/uploads\/2025\/05\/recrutement.png","articleSection":["\u0648\u062b\u0627\u0626\u0642 \u0625\u062f\u0627\u0631\u064a\u0629"],"inLanguage":"ar","potentialAction":[{"@type":"CommentAction","name":"Comment","target":["https:\/\/www.inp2020.tn\/2025\/05\/21\/_appel_a_candidature-2025\/#respond"]}]},{"@type":"WebPage","@id":"https:\/\/www.inp2020.tn\/2025\/05\/21\/_appel_a_candidature-2025\/","url":"https:\/\/www.inp2020.tn\/2025\/05\/21\/_appel_a_candidature-2025\/","name":"\u0627\u0646\u062a\u062f\u0627\u0628 \u0645\u0643\u0644\u0651\u0641\u064a\u0646 \u0628\u0627\u0644\u0628\u062d\u0648\u062b \u0627\u0644\u0623\u062b\u0631\u064a\u0629 \u0648\u0627\u0644\u062a\u0627\u0631\u064a\u062e\u064a\u0629 - INP \u0627\u0644\u0645\u0639\u0647\u062f \u0627\u0644\u0648\u0637\u0646\u064a \u0644\u0644\u062a\u0631\u0627\u062b","isPartOf":{"@id":"https:\/\/www.inp2020.tn\/#website"},"primaryImageOfPage":{"@id":"https:\/\/www.inp2020.tn\/2025\/05\/21\/_appel_a_candidature-2025\/#primaryimage"},"image":{"@id":"https:\/\/www.inp2020.tn\/2025\/05\/21\/_appel_a_candidature-2025\/#primaryimage"},"thumbnailUrl":"https:\/\/www.inp2020.tn\/wp-content\/uploads\/2025\/05\/recrutement.png","datePublished":"2025-05-21T17:11:27+00:00","dateModified":"2025-05-21T17:47:07+00:00","description":"{:fr}Appel \u00e0 candidature : recrutement des attach\u00e9s de recherches Le 5 ao\u00fbt 2025 et les jours suivants, l'Institut National du Patrimoine lance un appel \u00e0 candidature externe sur dossiers et \u00e0 \u00e9preuves pour le recrutement de 02 attach\u00e9s de recherche en arch\u00e9ologie et en histoire.{:ar} Le 5 ao\u00fbt 2025 et les jours suivants, l'Institut National du Patrimoine lance un appel \u00e0 candidature externe sur dossiers et \u00e0 \u00e9preuves pour le recrutement de 02 attach\u00e9s de recherche en arch\u00e9ologie et en histoire.{:en} Le 5 ao\u00fbt 2025 et les jours suivants, l'Institut National du Patrimoine lance un appel \u00e0 candidature externe sur dossiers et \u00e0 \u00e9preuves pour le recrutement de 02 attach\u00e9s de recherche en arch\u00e9ologie et en histoire.{:}","breadcrumb":{"@id":"https:\/\/www.inp2020.tn\/2025\/05\/21\/_appel_a_candidature-2025\/#breadcrumb"},"inLanguage":"ar","potentialAction":[{"@type":"ReadAction","target":["https:\/\/www.inp2020.tn\/2025\/05\/21\/_appel_a_candidature-2025\/"]}]},{"@type":"ImageObject","inLanguage":"ar","@id":"https:\/\/www.inp2020.tn\/2025\/05\/21\/_appel_a_candidature-2025\/#primaryimage","url":"https:\/\/www.inp2020.tn\/wp-content\/uploads\/2025\/05\/recrutement.png","contentUrl":"https:\/\/www.inp2020.tn\/wp-content\/uploads\/2025\/05\/recrutement.png","width":770,"height":267,"caption":"Recrutement"},{"@type":"BreadcrumbList","@id":"https:\/\/www.inp2020.tn\/2025\/05\/21\/_appel_a_candidature-2025\/#breadcrumb","itemListElement":[{"@type":"ListItem","position":1,"name":"Home","item":"https:\/\/www.inp2020.tn\/"},{"@type":"ListItem","position":2,"name":"Appel \u00e0 candidature : recrutement des attach\u00e9s de recherches"}]},{"@type":"WebSite","@id":"https:\/\/www.inp2020.tn\/#website","url":"https:\/\/www.inp2020.tn\/","name":"INP \u0627\u0644\u0645\u0639\u0647\u062f \u0627\u0644\u0648\u0637\u0646\u064a \u0644\u0644\u062a\u0631\u0627\u062b","description":"\u0625\u0646 \u0639\u0644\u0645 \u0627\u0644\u0622\u062b\u0627\u0631 \u0647\u0648 \u0623\u0633\u0645\u0649 \u0623\u0646\u0648\u0627\u0639 \u0627\u0644\u0628\u062d\u0648\u062b","publisher":{"@id":"https:\/\/www.inp2020.tn\/#organization"},"potentialAction":[{"@type":"SearchAction","target":{"@type":"EntryPoint","urlTemplate":"https:\/\/www.inp2020.tn\/?s={search_term_string}"},"query-input":{"@type":"PropertyValueSpecification","valueRequired":true,"valueName":"search_term_string"}}],"inLanguage":"ar"},{"@type":"Organization","@id":"https:\/\/www.inp2020.tn\/#organization","name":"Institut National du Patrimoine - Tunisie","url":"https:\/\/www.inp2020.tn\/","logo":{"@type":"ImageObject","inLanguage":"ar","@id":"https:\/\/www.inp2020.tn\/#\/schema\/logo\/image\/","url":"http:\/\/www.inp2020.tn\/wp-content\/uploads\/2019\/12\/logo-inp-e1612522185676.jpg","contentUrl":"http:\/\/www.inp2020.tn\/wp-content\/uploads\/2019\/12\/logo-inp-e1612522185676.jpg","width":75,"height":75,"caption":"Institut National du Patrimoine - Tunisie"},"image":{"@id":"https:\/\/www.inp2020.tn\/#\/schema\/logo\/image\/"},"sameAs":["https:\/\/www.facebook.com\/Inp.Institut.National.Du.Patrimoine\/"]},{"@type":"Person","@id":"https:\/\/www.inp2020.tn\/#\/schema\/person\/bd2f4dd60a7cd9b2beaa801ddc3457a8","name":"Ali DABBAGHI","image":{"@type":"ImageObject","inLanguage":"ar","@id":"https:\/\/secure.gravatar.com\/avatar\/432af6f4f809c18faaf19a936a481c5d5f152b5f7eb7c93a86afa9a18f2ab991?s=96&d=mm&r=g","url":"https:\/\/secure.gravatar.com\/avatar\/432af6f4f809c18faaf19a936a481c5d5f152b5f7eb7c93a86afa9a18f2ab991?s=96&d=mm&r=g","contentUrl":"https:\/\/secure.gravatar.com\/avatar\/432af6f4f809c18faaf19a936a481c5d5f152b5f7eb7c93a86afa9a18f2ab991?s=96&d=mm&r=g","caption":"Ali DABBAGHI"},"description":"Ing\u00e9nieur G\u00e9n\u00e9ral sp\u00e9cialiste des syst\u00e8mes d'information et de communication, \u0645\u0647\u0646\u062f\u0633 \u0639\u0627\u0645 \u0641\u064a \u0646\u0638\u0645 \u0627\u0644\u0645\u0639\u0644\u0648\u0645\u0627\u062a \u0648\u0627\u0644\u0627\u062a\u0635\u0627\u0644\u0627\u062a General Engineer information and communication systems","sameAs":["http:\/\/www.inp2020.tn","https:\/\/www.facebook.com\/ali.dabb.39\/"],"url":"https:\/\/www.inp2020.tn\/ar\/author\/admin-2\/"}]}},"_links":{"self":[{"href":"https:\/\/www.inp2020.tn\/ar\/wp-json\/wp\/v2\/posts\/13570","targetHints":{"allow":["GET"]}}],"collection":[{"href":"https:\/\/www.inp2020.tn\/ar\/wp-json\/wp\/v2\/posts"}],"about":[{"href":"https:\/\/www.inp2020.tn\/ar\/wp-json\/wp\/v2\/types\/post"}],"author":[{"embeddable":true,"href":"https:\/\/www.inp2020.tn\/ar\/wp-json\/wp\/v2\/users\/1"}],"replies":[{"embeddable":true,"href":"https:\/\/www.inp2020.tn\/ar\/wp-json\/wp\/v2\/comments?post=13570"}],"version-history":[{"count":8,"href":"https:\/\/www.inp2020.tn\/ar\/wp-json\/wp\/v2\/posts\/13570\/revisions"}],"predecessor-version":[{"id":13579,"href":"https:\/\/www.inp2020.tn\/ar\/wp-json\/wp\/v2\/posts\/13570\/revisions\/13579"}],"wp:featuredmedia":[{"embeddable":true,"href":"https:\/\/www.inp2020.tn\/ar\/wp-json\/wp\/v2\/media\/13572"}],"wp:attachment":[{"href":"https:\/\/www.inp2020.tn\/ar\/wp-json\/wp\/v2\/media?parent=13570"}],"wp:term":[{"taxonomy":"category","embeddable":true,"href":"https:\/\/www.inp2020.tn\/ar\/wp-json\/wp\/v2\/categories?post=13570"},{"taxonomy":"post_tag","embeddable":true,"href":"https:\/\/www.inp2020.tn\/ar\/wp-json\/wp\/v2\/tags?post=13570"}],"curies":[{"name":"wp","href":"https:\/\/api.w.org\/{rel}","templated":true}]}}