{"id":14371,"date":"2026-04-30T13:22:08","date_gmt":"2026-04-30T12:22:08","guid":{"rendered":"https:\/\/www.inp2020.tn\/?p=14371"},"modified":"2026-04-30T13:32:04","modified_gmt":"2026-04-30T12:32:04","slug":"_journees_tuniso-italiennes-28-04-2026","status":"publish","type":"post","link":"https:\/\/www.inp2020.tn\/ar\/2026\/04\/30\/_journees_tuniso-italiennes-28-04-2026\/","title":{"rendered":"\u0627\u0644\u0623\u064a\u0651\u0627\u0645 \u0627\u0644\u062a\u0651\u0648\u0646\u0633\u064a\u0651\u0629-\u0627\u0644\u0625\u064a\u0637\u0627\u0644\u064a\u0651\u0629 \u0627\u0644\u0645\u062e\u0635\u0651\u0635\u0629 \u0644\u0644\u0645\u062d\u0627\u0641\u0638\u0629 \u0639\u0644\u0649 \u0627\u0644\u062a\u0651\u0631\u0627\u062b \u0627\u0644\u0623\u062b\u0631\u064a \u0648 \u062a\u062b\u0645\u064a\u0646\u0647"},"content":{"rendered":"\u0627\u0641\u062a\u062a\u062d \u0627\u0644\u0645\u062f\u064a\u0631 \u0627\u0644\u0639\u0627\u0645 \u0644\u0644\u0645\u0639\u0647\u062f \u0627\u0644\u0648\u0637\u0646\u064a \u0644\u0644\u062a\u0651\u0631\u0627\u062b\u060c \u0637\u0627\u0631\u0642 \u0627\u0644\u0628\u0643\u0648\u0634\u060c \u0627\u0644\u0633\u0651\u0641\u064a\u0631 \u0623\u0644\u0633\u0651\u0646\u062f\u0631\u0648 \u0628\u0631\u0648\u0646\u0627\u0633 \u0648 \u0645\u062f\u064a\u0631\u0629 \u0642\u0633\u0645 \u062a\u062b\u0645\u064a\u0646 \u0627\u0644\u062a\u0651\u0631\u0627\u062b \u0627\u0644\u062b\u0651\u0642\u0627\u0641\u064a \u0628\u0648\u0632\u0627\u0631\u0629 \u0627\u0644\u062b\u0642\u0627\u0641\u0629 \u0627\u0644\u0625\u064a\u0637\u0627\u0644\u064a\u0651\u0629\u060c \u0623\u0644\u0641\u0648\u0646\u0633\u064a\u0646\u0627 \u0631\u0648\u0633\u0651\u0648 \u062a\u0638\u0627\u0647\u0631\u0629 \u0627\u062e\u062a\u062a\u0627\u0645 \u0627\u0644\u0623\u064a\u0651\u0627\u0645 \u0627\u0644\u062a\u0651\u0648\u0646\u0633\u064a\u0651\u0629-\u0627\u0644\u0625\u064a\u0637\u0627\u0644\u064a\u0651\u0629 \u0627\u0644\u0645\u062e\u0635\u0651\u0635\u0629 \u0644\u0644\u0645\u062d\u0627\u0641\u0638\u0629 \u0639\u0644\u0649 \u0627\u0644\u062a\u0651\u0631\u0627\u062b \u0627\u0644\u0623\u062b\u0631\u064a \u0648 \u062a\u062b\u0645\u064a\u0646\u0647\u060c \u064a\u0648\u0645 28 \u0623\u0641\u0631\u064a\u0644 \u0627\u0644\u062a\u064a \u0627\u0646\u062a\u0638\u0645\u062a \u062a\u062d\u062a \u0627\u0634\u0631\u0627\u0641 \u0648\u0632\u0627\u0631\u0629 \u0627\u0644\u0634\u0624\u0648\u0646 \u0627\u0644\u062b\u0642\u0627\u0641\u064a\u0629 \u0628\u0627\u0644\u062a\u0639\u0627\u0648\u0646 \u0645\u0639 \u0627\u0644\u0648\u0643\u0627\u0644\u0629 \u0627\u0644\u0625\u064a\u0637\u0627\u0644\u064a\u0651\u0629 \u0644\u0644\u062a\u0651\u062c\u0627\u0631\u0629 \u0627\u0644\u062e\u0627\u0631\u062c\u064a\u0651\u0629\u060c \u0627\u0644\u0645\u0631\u0643\u0632 <a href=\"https:\/\/www.inp2020.tn\/ar\/2026\/04\/30\/_journees_tuniso-italiennes-28-04-2026\/\" class=\"more-link\">(\u0627\u0644\u0645\u0632\u064a\u062f&hellip;)<\/a>","protected":false},"excerpt":{"rendered":"<p>\u0627\u0641\u062a\u062a\u062d \u0627\u0644\u0645\u062f\u064a\u0631 \u0627\u0644\u0639\u0627\u0645 \u0644\u0644\u0645\u0639\u0647\u062f \u0627\u0644\u0648\u0637\u0646\u064a \u0644\u0644\u062a\u0651\u0631\u0627\u062b\u060c \u0637\u0627\u0631\u0642 \u0627\u0644\u0628\u0643\u0648\u0634\u060c \u0627\u0644\u0633\u0651\u0641\u064a\u0631 \u0623\u0644\u0633\u0651\u0646\u062f\u0631\u0648 \u0628\u0631\u0648\u0646\u0627\u0633 \u0648 \u0645\u062f\u064a\u0631\u0629 \u0642\u0633\u0645 \u062a\u062b\u0645\u064a\u0646 \u0627\u0644\u062a\u0651\u0631\u0627\u062b \u0627\u0644\u062b\u0651\u0642\u0627\u0641\u064a \u0628\u0648\u0632\u0627\u0631\u0629 \u0627\u0644\u062b\u0642\u0627\u0641\u0629 \u0627\u0644\u0625\u064a\u0637\u0627\u0644\u064a\u0651\u0629\u060c \u0623\u0644\u0641\u0648\u0646\u0633\u064a\u0646\u0627 \u0631\u0648\u0633\u0651\u0648 \u062a\u0638\u0627\u0647\u0631\u0629 \u0627\u062e\u062a\u062a\u0627\u0645 \u0627\u0644\u0623\u064a\u0651\u0627\u0645 \u0627\u0644\u062a\u0651\u0648\u0646\u0633\u064a\u0651\u0629-\u0627\u0644\u0625\u064a\u0637\u0627\u0644\u064a\u0651\u0629 \u0627\u0644\u0645\u062e\u0635\u0651\u0635\u0629 \u0644\u0644\u0645\u062d\u0627\u0641\u0638\u0629 \u0639\u0644\u0649 \u0627\u0644\u062a\u0651\u0631\u0627\u062b \u0627\u0644\u0623\u062b\u0631\u064a \u0648 \u062a\u062b\u0645\u064a\u0646\u0647\u060c \u064a\u0648\u0645 28 \u0623\u0641\u0631\u064a\u0644 \u0627\u0644\u062a\u064a \u0627\u0646\u062a\u0638\u0645\u062a \u062a\u062d\u062a \u0627\u0634\u0631\u0627\u0641 \u0648\u0632\u0627\u0631\u0629 \u0627\u0644\u0634\u0624\u0648\u0646 \u0627\u0644\u062b\u0642\u0627\u0641\u064a\u0629 \u0628\u0627\u0644\u062a\u0639\u0627\u0648\u0646 \u0645\u0639 \u0627\u0644\u0648\u0643\u0627\u0644\u0629 \u0627\u0644\u0625\u064a\u0637\u0627\u0644\u064a\u0651\u0629 \u0644\u0644\u062a\u0651\u062c\u0627\u0631\u0629 \u0627\u0644\u062e\u0627\u0631\u062c\u064a\u0651\u0629\u060c \u0627\u0644\u0645\u0631\u0643\u0632 (\u0627\u0644\u0645\u0632\u064a\u062f&hellip;)<\/p>\n","protected":false},"author":1,"featured_media":14372,"comment_status":"open","ping_status":"closed","sticky":false,"template":"","format":"standard","meta":{"_uf_show_specific_survey":0,"_uf_disable_surveys":false,"footnotes":""},"categories":[480],"tags":[],"class_list":["post-14371","post","type-post","status-publish","format-standard","has-post-thumbnail","hentry","category-_activites"],"yoast_head":"<!-- This site is optimized with the Yoast SEO plugin v27.5 - https:\/\/yoast.com\/product\/yoast-seo-wordpress\/ -->\n<title>\u0627\u0644\u0623\u064a\u0651\u0627\u0645 \u0627\u0644\u062a\u0651\u0648\u0646\u0633\u064a\u0651\u0629-\u0627\u0644\u0625\u064a\u0637\u0627\u0644\u064a\u0651\u0629 \u0627\u0644\u0645\u062e\u0635\u0651\u0635\u0629 \u0644\u0644\u0645\u062d\u0627\u0641\u0638\u0629 \u0639\u0644\u0649 \u0627\u0644\u062a\u0651\u0631\u0627\u062b \u0627\u0644\u0623\u062b\u0631\u064a \u0648 \u062a\u062b\u0645\u064a\u0646\u0647 - INP \u0627\u0644\u0645\u0639\u0647\u062f \u0627\u0644\u0648\u0637\u0646\u064a \u0644\u0644\u062a\u0631\u0627\u062b<\/title>\n<meta name=\"description\" content=\"(Fran\u00e7ais) Le Directeur G\u00e9n\u00e9ral de l&#039;Institut National du Patrimoine, Tarek Beccouche, l&#039;ambassadeur Alessandro Brunas et la directrice du d\u00e9partement de la valorisation du patrimoine culturel au minist\u00e8re italien de la Culture, Alfonsina Russo, ont inaugur\u00e9 la c\u00e9r\u00e9monie de cl\u00f4ture des Journ\u00e9es tuniso-italiennes consacr\u00e9es \u00e0 la pr\u00e9servation et \u00e0 la valorisation du patrimoine arch\u00e9ologique, le 28 avril, organis\u00e9e sous l&#039;\u00e9gide du minist\u00e8re des Affaires culturelles ....Le Directeur G\u00e9n\u00e9ral de l&#039;Institut National du Patrimoine, Tarek Baccouche, l&#039;ambassadeur Alessandro Brunas et la directrice du d\u00e9partement de la valorisation du patrimoine culturel au minist\u00e8re italien de la Culture, Alfonsina Russo, ont inaugur\u00e9 la c\u00e9r\u00e9monie de cl\u00f4ture des Journ\u00e9es tuniso-italiennes consacr\u00e9es \u00e0 la pr\u00e9servation et \u00e0 la valorisation du patrimoine arch\u00e9ologique, le 28 avril, organis\u00e9e sous l&#039;\u00e9gide du minist\u00e8re des Affaires culturelles ....\" \/>\n<meta name=\"robots\" content=\"index, follow, max-snippet:-1, max-image-preview:large, max-video-preview:-1\" \/>\n<link rel=\"canonical\" href=\"https:\/\/www.inp2020.tn\/2026\/04\/30\/_journees_tuniso-italiennes-28-04-2026\/\" \/>\n<meta property=\"og:locale\" content=\"ar_AR\" \/>\n<meta property=\"og:type\" content=\"article\" \/>\n<meta property=\"og:title\" content=\"\u0627\u0644\u0623\u064a\u0651\u0627\u0645 \u0627\u0644\u062a\u0651\u0648\u0646\u0633\u064a\u0651\u0629-\u0627\u0644\u0625\u064a\u0637\u0627\u0644\u064a\u0651\u0629 \u0627\u0644\u0645\u062e\u0635\u0651\u0635\u0629 \u0644\u0644\u0645\u062d\u0627\u0641\u0638\u0629 \u0639\u0644\u0649 \u0627\u0644\u062a\u0651\u0631\u0627\u062b \u0627\u0644\u0623\u062b\u0631\u064a \u0648 \u062a\u062b\u0645\u064a\u0646\u0647 - INP \u0627\u0644\u0645\u0639\u0647\u062f \u0627\u0644\u0648\u0637\u0646\u064a \u0644\u0644\u062a\u0631\u0627\u062b\" \/>\n<meta property=\"og:description\" content=\"{:fr}Le Directeur G\u00e9n\u00e9ral de l&#039;Institut National du Patrimoine, Tarek Beccouche, l&#039;ambassadeur Alessandro Brunas et la directrice du d\u00e9partement de la valorisation du patrimoine culturel au minist\u00e8re italien de la Culture, Alfonsina Russo, ont inaugur\u00e9 la c\u00e9r\u00e9monie de cl\u00f4ture des Journ\u00e9es tuniso-italiennes consacr\u00e9es \u00e0 la pr\u00e9servation et \u00e0 la valorisation du patrimoine arch\u00e9ologique, le 28 avril, organis\u00e9e sous l&#039;\u00e9gide du minist\u00e8re des Affaires culturelles ....Le Directeur G\u00e9n\u00e9ral de l&#039;Institut National du Patrimoine, Tarek Baccouche, l&#039;ambassadeur Alessandro Brunas et la directrice du d\u00e9partement de la valorisation du patrimoine culturel au minist\u00e8re italien de la Culture, Alfonsina Russo, ont inaugur\u00e9 la c\u00e9r\u00e9monie de cl\u00f4ture des Journ\u00e9es tuniso-italiennes consacr\u00e9es \u00e0 la pr\u00e9servation et \u00e0 la valorisation du patrimoine arch\u00e9ologique, le 28 avril, organis\u00e9e sous l&#039;\u00e9gide du minist\u00e8re des Affaires culturelles ....{:}\" \/>\n<meta property=\"og:url\" content=\"https:\/\/www.inp2020.tn\/2026\/04\/30\/_journees_tuniso-italiennes-28-04-2026\/\" \/>\n<meta property=\"og:site_name\" content=\"INP \u0627\u0644\u0645\u0639\u0647\u062f \u0627\u0644\u0648\u0637\u0646\u064a \u0644\u0644\u062a\u0631\u0627\u062b\" \/>\n<meta property=\"article:publisher\" content=\"https:\/\/www.facebook.com\/Inp.Institut.National.Du.Patrimoine\/\" \/>\n<meta property=\"article:author\" content=\"https:\/\/www.facebook.com\/ali.dabb.39\/\" \/>\n<meta property=\"article:published_time\" content=\"2026-04-30T12:22:08+00:00\" \/>\n<meta property=\"article:modified_time\" content=\"2026-04-30T12:32:04+00:00\" \/>\n<meta property=\"og:image\" content=\"http:\/\/www.inp2020.tn\/wp-content\/uploads\/2026\/04\/inp-30-04-2026-8.jpg\" \/>\n\t<meta property=\"og:image:width\" content=\"1600\" \/>\n\t<meta property=\"og:image:height\" content=\"1067\" \/>\n\t<meta property=\"og:image:type\" content=\"image\/jpeg\" \/>\n<meta name=\"author\" content=\"Ali DABBAGHI\" \/>\n<meta name=\"twitter:card\" content=\"summary_large_image\" \/>\n<meta name=\"twitter:label1\" content=\"\u0643\u064f\u062a\u0628 \u0628\u0648\u0627\u0633\u0637\u0629\" \/>\n\t<meta name=\"twitter:data1\" content=\"Ali DABBAGHI\" \/>\n\t<meta name=\"twitter:label2\" content=\"\u0648\u0642\u062a \u0627\u0644\u0642\u0631\u0627\u0621\u0629 \u0627\u0644\u0645\u064f\u0642\u062f\u0651\u0631\" \/>\n\t<meta name=\"twitter:data2\" content=\"\u062f\u0642\u064a\u0642\u062a\u0627\u0646\" \/>\n<script type=\"application\/ld+json\" class=\"yoast-schema-graph\">{\"@context\":\"https:\\\/\\\/schema.org\",\"@graph\":[{\"@type\":\"Article\",\"@id\":\"https:\\\/\\\/www.inp2020.tn\\\/2026\\\/04\\\/30\\\/_journees_tuniso-italiennes-28-04-2026\\\/#article\",\"isPartOf\":{\"@id\":\"https:\\\/\\\/www.inp2020.tn\\\/2026\\\/04\\\/30\\\/_journees_tuniso-italiennes-28-04-2026\\\/\"},\"author\":{\"name\":\"Ali DABBAGHI\",\"@id\":\"https:\\\/\\\/www.inp2020.tn\\\/#\\\/schema\\\/person\\\/bd2f4dd60a7cd9b2beaa801ddc3457a8\"},\"headline\":\"\u0627\u0644\u0623\u064a\u0651\u0627\u0645 \u0627\u0644\u062a\u0651\u0648\u0646\u0633\u064a\u0651\u0629-\u0627\u0644\u0625\u064a\u0637\u0627\u0644\u064a\u0651\u0629 \u0627\u0644\u0645\u062e\u0635\u0651\u0635\u0629 \u0644\u0644\u0645\u062d\u0627\u0641\u0638\u0629 \u0639\u0644\u0649 \u0627\u0644\u062a\u0651\u0631\u0627\u062b \u0627\u0644\u0623\u062b\u0631\u064a \u0648 \u062a\u062b\u0645\u064a\u0646\u0647\",\"datePublished\":\"2026-04-30T12:22:08+00:00\",\"dateModified\":\"2026-04-30T12:32:04+00:00\",\"mainEntityOfPage\":{\"@id\":\"https:\\\/\\\/www.inp2020.tn\\\/2026\\\/04\\\/30\\\/_journees_tuniso-italiennes-28-04-2026\\\/\"},\"wordCount\":472,\"commentCount\":0,\"publisher\":{\"@id\":\"https:\\\/\\\/www.inp2020.tn\\\/#organization\"},\"image\":{\"@id\":\"https:\\\/\\\/www.inp2020.tn\\\/2026\\\/04\\\/30\\\/_journees_tuniso-italiennes-28-04-2026\\\/#primaryimage\"},\"thumbnailUrl\":\"https:\\\/\\\/www.inp2020.tn\\\/wp-content\\\/uploads\\\/2026\\\/04\\\/inp-30-04-2026-8.jpg\",\"articleSection\":[\"\u0627\u0644\u0646\u0634\u0627\u0637\"],\"inLanguage\":\"ar\",\"potentialAction\":[{\"@type\":\"CommentAction\",\"name\":\"Comment\",\"target\":[\"https:\\\/\\\/www.inp2020.tn\\\/2026\\\/04\\\/30\\\/_journees_tuniso-italiennes-28-04-2026\\\/#respond\"]}]},{\"@type\":\"WebPage\",\"@id\":\"https:\\\/\\\/www.inp2020.tn\\\/2026\\\/04\\\/30\\\/_journees_tuniso-italiennes-28-04-2026\\\/\",\"url\":\"https:\\\/\\\/www.inp2020.tn\\\/2026\\\/04\\\/30\\\/_journees_tuniso-italiennes-28-04-2026\\\/\",\"name\":\"\u0627\u0644\u0623\u064a\u0651\u0627\u0645 \u0627\u0644\u062a\u0651\u0648\u0646\u0633\u064a\u0651\u0629-\u0627\u0644\u0625\u064a\u0637\u0627\u0644\u064a\u0651\u0629 \u0627\u0644\u0645\u062e\u0635\u0651\u0635\u0629 \u0644\u0644\u0645\u062d\u0627\u0641\u0638\u0629 \u0639\u0644\u0649 \u0627\u0644\u062a\u0651\u0631\u0627\u062b \u0627\u0644\u0623\u062b\u0631\u064a \u0648 \u062a\u062b\u0645\u064a\u0646\u0647 - INP \u0627\u0644\u0645\u0639\u0647\u062f \u0627\u0644\u0648\u0637\u0646\u064a \u0644\u0644\u062a\u0631\u0627\u062b\",\"isPartOf\":{\"@id\":\"https:\\\/\\\/www.inp2020.tn\\\/#website\"},\"primaryImageOfPage\":{\"@id\":\"https:\\\/\\\/www.inp2020.tn\\\/2026\\\/04\\\/30\\\/_journees_tuniso-italiennes-28-04-2026\\\/#primaryimage\"},\"image\":{\"@id\":\"https:\\\/\\\/www.inp2020.tn\\\/2026\\\/04\\\/30\\\/_journees_tuniso-italiennes-28-04-2026\\\/#primaryimage\"},\"thumbnailUrl\":\"https:\\\/\\\/www.inp2020.tn\\\/wp-content\\\/uploads\\\/2026\\\/04\\\/inp-30-04-2026-8.jpg\",\"datePublished\":\"2026-04-30T12:22:08+00:00\",\"dateModified\":\"2026-04-30T12:32:04+00:00\",\"description\":\"{:fr}Le Directeur G\u00e9n\u00e9ral de l'Institut National du Patrimoine, Tarek Beccouche, l'ambassadeur Alessandro Brunas et la directrice du d\u00e9partement de la valorisation du patrimoine culturel au minist\u00e8re italien de la Culture, Alfonsina Russo, ont inaugur\u00e9 la c\u00e9r\u00e9monie de cl\u00f4ture des Journ\u00e9es tuniso-italiennes consacr\u00e9es \u00e0 la pr\u00e9servation et \u00e0 la valorisation du patrimoine arch\u00e9ologique, le 28 avril, organis\u00e9e sous l'\u00e9gide du minist\u00e8re des Affaires culturelles ....Le Directeur G\u00e9n\u00e9ral de l'Institut National du Patrimoine, Tarek Baccouche, l'ambassadeur Alessandro Brunas et la directrice du d\u00e9partement de la valorisation du patrimoine culturel au minist\u00e8re italien de la Culture, Alfonsina Russo, ont inaugur\u00e9 la c\u00e9r\u00e9monie de cl\u00f4ture des Journ\u00e9es tuniso-italiennes consacr\u00e9es \u00e0 la pr\u00e9servation et \u00e0 la valorisation du patrimoine arch\u00e9ologique, le 28 avril, organis\u00e9e sous l'\u00e9gide du minist\u00e8re des Affaires culturelles ....{:}\",\"breadcrumb\":{\"@id\":\"https:\\\/\\\/www.inp2020.tn\\\/2026\\\/04\\\/30\\\/_journees_tuniso-italiennes-28-04-2026\\\/#breadcrumb\"},\"inLanguage\":\"ar\",\"potentialAction\":[{\"@type\":\"ReadAction\",\"target\":[\"https:\\\/\\\/www.inp2020.tn\\\/2026\\\/04\\\/30\\\/_journees_tuniso-italiennes-28-04-2026\\\/\"]}]},{\"@type\":\"ImageObject\",\"inLanguage\":\"ar\",\"@id\":\"https:\\\/\\\/www.inp2020.tn\\\/2026\\\/04\\\/30\\\/_journees_tuniso-italiennes-28-04-2026\\\/#primaryimage\",\"url\":\"https:\\\/\\\/www.inp2020.tn\\\/wp-content\\\/uploads\\\/2026\\\/04\\\/inp-30-04-2026-8.jpg\",\"contentUrl\":\"https:\\\/\\\/www.inp2020.tn\\\/wp-content\\\/uploads\\\/2026\\\/04\\\/inp-30-04-2026-8.jpg\",\"width\":1600,\"height\":1067,\"caption\":\"Journ\u00e9es tuniso-italiennes consacr\u00e9es \u00e0 la pr\u00e9servation et \u00e0 la mise en valeur du patrimoine arch\u00e9ologique\"},{\"@type\":\"BreadcrumbList\",\"@id\":\"https:\\\/\\\/www.inp2020.tn\\\/2026\\\/04\\\/30\\\/_journees_tuniso-italiennes-28-04-2026\\\/#breadcrumb\",\"itemListElement\":[{\"@type\":\"ListItem\",\"position\":1,\"name\":\"Home\",\"item\":\"https:\\\/\\\/www.inp2020.tn\\\/\"},{\"@type\":\"ListItem\",\"position\":2,\"name\":\"Journ\u00e9es tuniso-italiennes consacr\u00e9es \u00e0 la pr\u00e9servation et \u00e0 la mise en valeur du patrimoine arch\u00e9ologique\"}]},{\"@type\":\"WebSite\",\"@id\":\"https:\\\/\\\/www.inp2020.tn\\\/#website\",\"url\":\"https:\\\/\\\/www.inp2020.tn\\\/\",\"name\":\"INP \u0627\u0644\u0645\u0639\u0647\u062f \u0627\u0644\u0648\u0637\u0646\u064a \u0644\u0644\u062a\u0631\u0627\u062b\",\"description\":\"\u0625\u0646 \u0639\u0644\u0645 \u0627\u0644\u0622\u062b\u0627\u0631 \u0647\u0648 \u0623\u0633\u0645\u0649 \u0623\u0646\u0648\u0627\u0639 \u0627\u0644\u0628\u062d\u0648\u062b\",\"publisher\":{\"@id\":\"https:\\\/\\\/www.inp2020.tn\\\/#organization\"},\"potentialAction\":[{\"@type\":\"SearchAction\",\"target\":{\"@type\":\"EntryPoint\",\"urlTemplate\":\"https:\\\/\\\/www.inp2020.tn\\\/?s={search_term_string}\"},\"query-input\":{\"@type\":\"PropertyValueSpecification\",\"valueRequired\":true,\"valueName\":\"search_term_string\"}}],\"inLanguage\":\"ar\"},{\"@type\":\"Organization\",\"@id\":\"https:\\\/\\\/www.inp2020.tn\\\/#organization\",\"name\":\"Institut National du Patrimoine - Tunisie\",\"url\":\"https:\\\/\\\/www.inp2020.tn\\\/\",\"logo\":{\"@type\":\"ImageObject\",\"inLanguage\":\"ar\",\"@id\":\"https:\\\/\\\/www.inp2020.tn\\\/#\\\/schema\\\/logo\\\/image\\\/\",\"url\":\"http:\\\/\\\/www.inp2020.tn\\\/wp-content\\\/uploads\\\/2019\\\/12\\\/logo-inp-e1612522185676.jpg\",\"contentUrl\":\"http:\\\/\\\/www.inp2020.tn\\\/wp-content\\\/uploads\\\/2019\\\/12\\\/logo-inp-e1612522185676.jpg\",\"width\":75,\"height\":75,\"caption\":\"Institut National du Patrimoine - Tunisie\"},\"image\":{\"@id\":\"https:\\\/\\\/www.inp2020.tn\\\/#\\\/schema\\\/logo\\\/image\\\/\"},\"sameAs\":[\"https:\\\/\\\/www.facebook.com\\\/Inp.Institut.National.Du.Patrimoine\\\/\"]},{\"@type\":\"Person\",\"@id\":\"https:\\\/\\\/www.inp2020.tn\\\/#\\\/schema\\\/person\\\/bd2f4dd60a7cd9b2beaa801ddc3457a8\",\"name\":\"Ali DABBAGHI\",\"image\":{\"@type\":\"ImageObject\",\"inLanguage\":\"ar\",\"@id\":\"https:\\\/\\\/secure.gravatar.com\\\/avatar\\\/432af6f4f809c18faaf19a936a481c5d5f152b5f7eb7c93a86afa9a18f2ab991?s=96&d=mm&r=g\",\"url\":\"https:\\\/\\\/secure.gravatar.com\\\/avatar\\\/432af6f4f809c18faaf19a936a481c5d5f152b5f7eb7c93a86afa9a18f2ab991?s=96&d=mm&r=g\",\"contentUrl\":\"https:\\\/\\\/secure.gravatar.com\\\/avatar\\\/432af6f4f809c18faaf19a936a481c5d5f152b5f7eb7c93a86afa9a18f2ab991?s=96&d=mm&r=g\",\"caption\":\"Ali DABBAGHI\"},\"description\":\"Ing\u00e9nieur G\u00e9n\u00e9ral sp\u00e9cialiste des syst\u00e8mes d'information et de communication, \u0645\u0647\u0646\u062f\u0633 \u0639\u0627\u0645 \u0641\u064a \u0646\u0638\u0645 \u0627\u0644\u0645\u0639\u0644\u0648\u0645\u0627\u062a \u0648\u0627\u0644\u0627\u062a\u0635\u0627\u0644\u0627\u062a General Engineer information and communication systems\",\"sameAs\":[\"http:\\\/\\\/www.inp2020.tn\",\"https:\\\/\\\/www.facebook.com\\\/ali.dabb.39\\\/\"],\"url\":\"https:\\\/\\\/www.inp2020.tn\\\/ar\\\/author\\\/admin-2\\\/\"}]}<\/script>\n<!-- \/ Yoast SEO plugin. -->","yoast_head_json":{"title":"\u0627\u0644\u0623\u064a\u0651\u0627\u0645 \u0627\u0644\u062a\u0651\u0648\u0646\u0633\u064a\u0651\u0629-\u0627\u0644\u0625\u064a\u0637\u0627\u0644\u064a\u0651\u0629 \u0627\u0644\u0645\u062e\u0635\u0651\u0635\u0629 \u0644\u0644\u0645\u062d\u0627\u0641\u0638\u0629 \u0639\u0644\u0649 \u0627\u0644\u062a\u0651\u0631\u0627\u062b \u0627\u0644\u0623\u062b\u0631\u064a \u0648 \u062a\u062b\u0645\u064a\u0646\u0647 - INP \u0627\u0644\u0645\u0639\u0647\u062f \u0627\u0644\u0648\u0637\u0646\u064a \u0644\u0644\u062a\u0631\u0627\u062b","description":"(Fran\u00e7ais) Le Directeur G\u00e9n\u00e9ral de l'Institut National du Patrimoine, Tarek Beccouche, l'ambassadeur Alessandro Brunas et la directrice du d\u00e9partement de la valorisation du patrimoine culturel au minist\u00e8re italien de la Culture, Alfonsina Russo, ont inaugur\u00e9 la c\u00e9r\u00e9monie de cl\u00f4ture des Journ\u00e9es tuniso-italiennes consacr\u00e9es \u00e0 la pr\u00e9servation et \u00e0 la valorisation du patrimoine arch\u00e9ologique, le 28 avril, organis\u00e9e sous l'\u00e9gide du minist\u00e8re des Affaires culturelles ....Le Directeur G\u00e9n\u00e9ral de l'Institut National du Patrimoine, Tarek Baccouche, l'ambassadeur Alessandro Brunas et la directrice du d\u00e9partement de la valorisation du patrimoine culturel au minist\u00e8re italien de la Culture, Alfonsina Russo, ont inaugur\u00e9 la c\u00e9r\u00e9monie de cl\u00f4ture des Journ\u00e9es tuniso-italiennes consacr\u00e9es \u00e0 la pr\u00e9servation et \u00e0 la valorisation du patrimoine arch\u00e9ologique, le 28 avril, organis\u00e9e sous l'\u00e9gide du minist\u00e8re des Affaires culturelles ....","robots":{"index":"index","follow":"follow","max-snippet":"max-snippet:-1","max-image-preview":"max-image-preview:large","max-video-preview":"max-video-preview:-1"},"canonical":"https:\/\/www.inp2020.tn\/2026\/04\/30\/_journees_tuniso-italiennes-28-04-2026\/","og_locale":"ar_AR","og_type":"article","og_title":"\u0627\u0644\u0623\u064a\u0651\u0627\u0645 \u0627\u0644\u062a\u0651\u0648\u0646\u0633\u064a\u0651\u0629-\u0627\u0644\u0625\u064a\u0637\u0627\u0644\u064a\u0651\u0629 \u0627\u0644\u0645\u062e\u0635\u0651\u0635\u0629 \u0644\u0644\u0645\u062d\u0627\u0641\u0638\u0629 \u0639\u0644\u0649 \u0627\u0644\u062a\u0651\u0631\u0627\u062b \u0627\u0644\u0623\u062b\u0631\u064a \u0648 \u062a\u062b\u0645\u064a\u0646\u0647 - INP \u0627\u0644\u0645\u0639\u0647\u062f \u0627\u0644\u0648\u0637\u0646\u064a \u0644\u0644\u062a\u0631\u0627\u062b","og_description":"{:fr}Le Directeur G\u00e9n\u00e9ral de l'Institut National du Patrimoine, Tarek Beccouche, l'ambassadeur Alessandro Brunas et la directrice du d\u00e9partement de la valorisation du patrimoine culturel au minist\u00e8re italien de la Culture, Alfonsina Russo, ont inaugur\u00e9 la c\u00e9r\u00e9monie de cl\u00f4ture des Journ\u00e9es tuniso-italiennes consacr\u00e9es \u00e0 la pr\u00e9servation et \u00e0 la valorisation du patrimoine arch\u00e9ologique, le 28 avril, organis\u00e9e sous l'\u00e9gide du minist\u00e8re des Affaires culturelles ....Le Directeur G\u00e9n\u00e9ral de l'Institut National du Patrimoine, Tarek Baccouche, l'ambassadeur Alessandro Brunas et la directrice du d\u00e9partement de la valorisation du patrimoine culturel au minist\u00e8re italien de la Culture, Alfonsina Russo, ont inaugur\u00e9 la c\u00e9r\u00e9monie de cl\u00f4ture des Journ\u00e9es tuniso-italiennes consacr\u00e9es \u00e0 la pr\u00e9servation et \u00e0 la valorisation du patrimoine arch\u00e9ologique, le 28 avril, organis\u00e9e sous l'\u00e9gide du minist\u00e8re des Affaires culturelles ....{:}","og_url":"https:\/\/www.inp2020.tn\/2026\/04\/30\/_journees_tuniso-italiennes-28-04-2026\/","og_site_name":"INP \u0627\u0644\u0645\u0639\u0647\u062f \u0627\u0644\u0648\u0637\u0646\u064a \u0644\u0644\u062a\u0631\u0627\u062b","article_publisher":"https:\/\/www.facebook.com\/Inp.Institut.National.Du.Patrimoine\/","article_author":"https:\/\/www.facebook.com\/ali.dabb.39\/","article_published_time":"2026-04-30T12:22:08+00:00","article_modified_time":"2026-04-30T12:32:04+00:00","og_image":[{"width":1600,"height":1067,"url":"http:\/\/www.inp2020.tn\/wp-content\/uploads\/2026\/04\/inp-30-04-2026-8.jpg","type":"image\/jpeg"}],"author":"Ali DABBAGHI","twitter_card":"summary_large_image","twitter_misc":{"\u0643\u064f\u062a\u0628 \u0628\u0648\u0627\u0633\u0637\u0629":"Ali DABBAGHI","\u0648\u0642\u062a \u0627\u0644\u0642\u0631\u0627\u0621\u0629 \u0627\u0644\u0645\u064f\u0642\u062f\u0651\u0631":"\u062f\u0642\u064a\u0642\u062a\u0627\u0646"},"schema":{"@context":"https:\/\/schema.org","@graph":[{"@type":"Article","@id":"https:\/\/www.inp2020.tn\/2026\/04\/30\/_journees_tuniso-italiennes-28-04-2026\/#article","isPartOf":{"@id":"https:\/\/www.inp2020.tn\/2026\/04\/30\/_journees_tuniso-italiennes-28-04-2026\/"},"author":{"name":"Ali DABBAGHI","@id":"https:\/\/www.inp2020.tn\/#\/schema\/person\/bd2f4dd60a7cd9b2beaa801ddc3457a8"},"headline":"\u0627\u0644\u0623\u064a\u0651\u0627\u0645 \u0627\u0644\u062a\u0651\u0648\u0646\u0633\u064a\u0651\u0629-\u0627\u0644\u0625\u064a\u0637\u0627\u0644\u064a\u0651\u0629 \u0627\u0644\u0645\u062e\u0635\u0651\u0635\u0629 \u0644\u0644\u0645\u062d\u0627\u0641\u0638\u0629 \u0639\u0644\u0649 \u0627\u0644\u062a\u0651\u0631\u0627\u062b \u0627\u0644\u0623\u062b\u0631\u064a \u0648 \u062a\u062b\u0645\u064a\u0646\u0647","datePublished":"2026-04-30T12:22:08+00:00","dateModified":"2026-04-30T12:32:04+00:00","mainEntityOfPage":{"@id":"https:\/\/www.inp2020.tn\/2026\/04\/30\/_journees_tuniso-italiennes-28-04-2026\/"},"wordCount":472,"commentCount":0,"publisher":{"@id":"https:\/\/www.inp2020.tn\/#organization"},"image":{"@id":"https:\/\/www.inp2020.tn\/2026\/04\/30\/_journees_tuniso-italiennes-28-04-2026\/#primaryimage"},"thumbnailUrl":"https:\/\/www.inp2020.tn\/wp-content\/uploads\/2026\/04\/inp-30-04-2026-8.jpg","articleSection":["\u0627\u0644\u0646\u0634\u0627\u0637"],"inLanguage":"ar","potentialAction":[{"@type":"CommentAction","name":"Comment","target":["https:\/\/www.inp2020.tn\/2026\/04\/30\/_journees_tuniso-italiennes-28-04-2026\/#respond"]}]},{"@type":"WebPage","@id":"https:\/\/www.inp2020.tn\/2026\/04\/30\/_journees_tuniso-italiennes-28-04-2026\/","url":"https:\/\/www.inp2020.tn\/2026\/04\/30\/_journees_tuniso-italiennes-28-04-2026\/","name":"\u0627\u0644\u0623\u064a\u0651\u0627\u0645 \u0627\u0644\u062a\u0651\u0648\u0646\u0633\u064a\u0651\u0629-\u0627\u0644\u0625\u064a\u0637\u0627\u0644\u064a\u0651\u0629 \u0627\u0644\u0645\u062e\u0635\u0651\u0635\u0629 \u0644\u0644\u0645\u062d\u0627\u0641\u0638\u0629 \u0639\u0644\u0649 \u0627\u0644\u062a\u0651\u0631\u0627\u062b \u0627\u0644\u0623\u062b\u0631\u064a \u0648 \u062a\u062b\u0645\u064a\u0646\u0647 - INP \u0627\u0644\u0645\u0639\u0647\u062f \u0627\u0644\u0648\u0637\u0646\u064a \u0644\u0644\u062a\u0631\u0627\u062b","isPartOf":{"@id":"https:\/\/www.inp2020.tn\/#website"},"primaryImageOfPage":{"@id":"https:\/\/www.inp2020.tn\/2026\/04\/30\/_journees_tuniso-italiennes-28-04-2026\/#primaryimage"},"image":{"@id":"https:\/\/www.inp2020.tn\/2026\/04\/30\/_journees_tuniso-italiennes-28-04-2026\/#primaryimage"},"thumbnailUrl":"https:\/\/www.inp2020.tn\/wp-content\/uploads\/2026\/04\/inp-30-04-2026-8.jpg","datePublished":"2026-04-30T12:22:08+00:00","dateModified":"2026-04-30T12:32:04+00:00","description":"{:fr}Le Directeur G\u00e9n\u00e9ral de l'Institut National du Patrimoine, Tarek Beccouche, l'ambassadeur Alessandro Brunas et la directrice du d\u00e9partement de la valorisation du patrimoine culturel au minist\u00e8re italien de la Culture, Alfonsina Russo, ont inaugur\u00e9 la c\u00e9r\u00e9monie de cl\u00f4ture des Journ\u00e9es tuniso-italiennes consacr\u00e9es \u00e0 la pr\u00e9servation et \u00e0 la valorisation du patrimoine arch\u00e9ologique, le 28 avril, organis\u00e9e sous l'\u00e9gide du minist\u00e8re des Affaires culturelles ....Le Directeur G\u00e9n\u00e9ral de l'Institut National du Patrimoine, Tarek Baccouche, l'ambassadeur Alessandro Brunas et la directrice du d\u00e9partement de la valorisation du patrimoine culturel au minist\u00e8re italien de la Culture, Alfonsina Russo, ont inaugur\u00e9 la c\u00e9r\u00e9monie de cl\u00f4ture des Journ\u00e9es tuniso-italiennes consacr\u00e9es \u00e0 la pr\u00e9servation et \u00e0 la valorisation du patrimoine arch\u00e9ologique, le 28 avril, organis\u00e9e sous l'\u00e9gide du minist\u00e8re des Affaires culturelles ....{:}","breadcrumb":{"@id":"https:\/\/www.inp2020.tn\/2026\/04\/30\/_journees_tuniso-italiennes-28-04-2026\/#breadcrumb"},"inLanguage":"ar","potentialAction":[{"@type":"ReadAction","target":["https:\/\/www.inp2020.tn\/2026\/04\/30\/_journees_tuniso-italiennes-28-04-2026\/"]}]},{"@type":"ImageObject","inLanguage":"ar","@id":"https:\/\/www.inp2020.tn\/2026\/04\/30\/_journees_tuniso-italiennes-28-04-2026\/#primaryimage","url":"https:\/\/www.inp2020.tn\/wp-content\/uploads\/2026\/04\/inp-30-04-2026-8.jpg","contentUrl":"https:\/\/www.inp2020.tn\/wp-content\/uploads\/2026\/04\/inp-30-04-2026-8.jpg","width":1600,"height":1067,"caption":"Journ\u00e9es tuniso-italiennes consacr\u00e9es \u00e0 la pr\u00e9servation et \u00e0 la mise en valeur du patrimoine arch\u00e9ologique"},{"@type":"BreadcrumbList","@id":"https:\/\/www.inp2020.tn\/2026\/04\/30\/_journees_tuniso-italiennes-28-04-2026\/#breadcrumb","itemListElement":[{"@type":"ListItem","position":1,"name":"Home","item":"https:\/\/www.inp2020.tn\/"},{"@type":"ListItem","position":2,"name":"Journ\u00e9es tuniso-italiennes consacr\u00e9es \u00e0 la pr\u00e9servation et \u00e0 la mise en valeur du patrimoine arch\u00e9ologique"}]},{"@type":"WebSite","@id":"https:\/\/www.inp2020.tn\/#website","url":"https:\/\/www.inp2020.tn\/","name":"INP \u0627\u0644\u0645\u0639\u0647\u062f \u0627\u0644\u0648\u0637\u0646\u064a \u0644\u0644\u062a\u0631\u0627\u062b","description":"\u0625\u0646 \u0639\u0644\u0645 \u0627\u0644\u0622\u062b\u0627\u0631 \u0647\u0648 \u0623\u0633\u0645\u0649 \u0623\u0646\u0648\u0627\u0639 \u0627\u0644\u0628\u062d\u0648\u062b","publisher":{"@id":"https:\/\/www.inp2020.tn\/#organization"},"potentialAction":[{"@type":"SearchAction","target":{"@type":"EntryPoint","urlTemplate":"https:\/\/www.inp2020.tn\/?s={search_term_string}"},"query-input":{"@type":"PropertyValueSpecification","valueRequired":true,"valueName":"search_term_string"}}],"inLanguage":"ar"},{"@type":"Organization","@id":"https:\/\/www.inp2020.tn\/#organization","name":"Institut National du Patrimoine - Tunisie","url":"https:\/\/www.inp2020.tn\/","logo":{"@type":"ImageObject","inLanguage":"ar","@id":"https:\/\/www.inp2020.tn\/#\/schema\/logo\/image\/","url":"http:\/\/www.inp2020.tn\/wp-content\/uploads\/2019\/12\/logo-inp-e1612522185676.jpg","contentUrl":"http:\/\/www.inp2020.tn\/wp-content\/uploads\/2019\/12\/logo-inp-e1612522185676.jpg","width":75,"height":75,"caption":"Institut National du Patrimoine - Tunisie"},"image":{"@id":"https:\/\/www.inp2020.tn\/#\/schema\/logo\/image\/"},"sameAs":["https:\/\/www.facebook.com\/Inp.Institut.National.Du.Patrimoine\/"]},{"@type":"Person","@id":"https:\/\/www.inp2020.tn\/#\/schema\/person\/bd2f4dd60a7cd9b2beaa801ddc3457a8","name":"Ali DABBAGHI","image":{"@type":"ImageObject","inLanguage":"ar","@id":"https:\/\/secure.gravatar.com\/avatar\/432af6f4f809c18faaf19a936a481c5d5f152b5f7eb7c93a86afa9a18f2ab991?s=96&d=mm&r=g","url":"https:\/\/secure.gravatar.com\/avatar\/432af6f4f809c18faaf19a936a481c5d5f152b5f7eb7c93a86afa9a18f2ab991?s=96&d=mm&r=g","contentUrl":"https:\/\/secure.gravatar.com\/avatar\/432af6f4f809c18faaf19a936a481c5d5f152b5f7eb7c93a86afa9a18f2ab991?s=96&d=mm&r=g","caption":"Ali DABBAGHI"},"description":"Ing\u00e9nieur G\u00e9n\u00e9ral sp\u00e9cialiste des syst\u00e8mes d'information et de communication, \u0645\u0647\u0646\u062f\u0633 \u0639\u0627\u0645 \u0641\u064a \u0646\u0638\u0645 \u0627\u0644\u0645\u0639\u0644\u0648\u0645\u0627\u062a \u0648\u0627\u0644\u0627\u062a\u0635\u0627\u0644\u0627\u062a General Engineer information and communication systems","sameAs":["http:\/\/www.inp2020.tn","https:\/\/www.facebook.com\/ali.dabb.39\/"],"url":"https:\/\/www.inp2020.tn\/ar\/author\/admin-2\/"}]}},"_links":{"self":[{"href":"https:\/\/www.inp2020.tn\/ar\/wp-json\/wp\/v2\/posts\/14371","targetHints":{"allow":["GET"]}}],"collection":[{"href":"https:\/\/www.inp2020.tn\/ar\/wp-json\/wp\/v2\/posts"}],"about":[{"href":"https:\/\/www.inp2020.tn\/ar\/wp-json\/wp\/v2\/types\/post"}],"author":[{"embeddable":true,"href":"https:\/\/www.inp2020.tn\/ar\/wp-json\/wp\/v2\/users\/1"}],"replies":[{"embeddable":true,"href":"https:\/\/www.inp2020.tn\/ar\/wp-json\/wp\/v2\/comments?post=14371"}],"version-history":[{"count":3,"href":"https:\/\/www.inp2020.tn\/ar\/wp-json\/wp\/v2\/posts\/14371\/revisions"}],"predecessor-version":[{"id":14385,"href":"https:\/\/www.inp2020.tn\/ar\/wp-json\/wp\/v2\/posts\/14371\/revisions\/14385"}],"wp:featuredmedia":[{"embeddable":true,"href":"https:\/\/www.inp2020.tn\/ar\/wp-json\/wp\/v2\/media\/14372"}],"wp:attachment":[{"href":"https:\/\/www.inp2020.tn\/ar\/wp-json\/wp\/v2\/media?parent=14371"}],"wp:term":[{"taxonomy":"category","embeddable":true,"href":"https:\/\/www.inp2020.tn\/ar\/wp-json\/wp\/v2\/categories?post=14371"},{"taxonomy":"post_tag","embeddable":true,"href":"https:\/\/www.inp2020.tn\/ar\/wp-json\/wp\/v2\/tags?post=14371"}],"curies":[{"name":"wp","href":"https:\/\/api.w.org\/{rel}","templated":true}]}}