{"id":2201,"date":"2020-09-07T14:46:53","date_gmt":"2020-09-07T12:46:53","guid":{"rendered":"http:\/\/www.inp2020.tn\/?p=2201"},"modified":"2024-04-12T15:17:32","modified_gmt":"2024-04-12T14:17:32","slug":"makthar","status":"publish","type":"post","link":"https:\/\/www.inp2020.tn\/ar\/2020\/09\/07\/makthar\/","title":{"rendered":"(Fran\u00e7ais) Makthar, l\u2019antique Mactaris"},"content":{"rendered":"\u0639\u0641\u0648\u0627\u060c \u0647\u0630\u0647 \u0627\u0644\u0645\u062f\u062e\u0644\u0629 \u0645\u0648\u062c\u0648\u062f\u0629 \u0641\u0642\u0637 \u0641\u064a Fran\u00e7ais. <a href=\"https:\/\/www.inp2020.tn\/ar\/2020\/09\/07\/makthar\/\" class=\"more-link\">(\u0627\u0644\u0645\u0632\u064a\u062f&hellip;)<\/a>","protected":false},"excerpt":{"rendered":"<p>\u0639\u0641\u0648\u0627\u060c \u0647\u0630\u0647 \u0627\u0644\u0645\u062f\u062e\u0644\u0629 \u0645\u0648\u062c\u0648\u062f\u0629 \u0641\u0642\u0637 \u0641\u064a Fran\u00e7ais. (\u0627\u0644\u0645\u0632\u064a\u062f&hellip;)<\/p>\n","protected":false},"author":1,"featured_media":2209,"comment_status":"open","ping_status":"closed","sticky":false,"template":"","format":"standard","meta":{"_uf_show_specific_survey":0,"_uf_disable_surveys":false,"footnotes":""},"categories":[12],"tags":[207,215,208,213,211,214,209,210,212],"class_list":["post-2201","post","type-post","status-publish","format-standard","has-post-thumbnail","hentry","category-_monuments_sites","tag-article-de-boutheina-ayari","tag-basilique-de-ritilius","tag-conservateur-du-patrimoine-a-linp","tag-la-schola-des-iuvenes","tag-le-forum","tag-le-monument-a-auges","tag-makther","tag-rempart-numide","tag-temple-dit-de-liber-pater"],"yoast_head":"<!-- This site is optimized with the Yoast SEO plugin v27.5 - https:\/\/yoast.com\/product\/yoast-seo-wordpress\/ -->\n<title>(Fran\u00e7ais) Makthar, l\u2019antique Mactaris - INP \u0627\u0644\u0645\u0639\u0647\u062f \u0627\u0644\u0648\u0637\u0646\u064a \u0644\u0644\u062a\u0631\u0627\u062b<\/title>\n<meta name=\"description\" content=\"(Fran\u00e7ais) Makthar, l&#039;antique Mactaris est une ville d\u2019origine numide situ\u00e9e sur un plateau \u00e0 la bordure Nord de la dorsale Tunisienne. Elle est localis\u00e9e \u00e0 la limite entre le Nord-Ouest et le Centre-Ouest de la Tunisie, \u00e0 150 kilom\u00e8tres au Sud-Ouest de Tunis et \u00e0 70 kilom\u00e8tres au Sud- Est du Kef. Avec une altitude de 900 m\u00e8tres, elle constitue le plus \u00e9lev\u00e9 du pays.\" \/>\n<meta name=\"robots\" content=\"index, follow, max-snippet:-1, max-image-preview:large, max-video-preview:-1\" \/>\n<link rel=\"canonical\" href=\"https:\/\/www.inp2020.tn\/2020\/09\/07\/makthar\/\" \/>\n<meta property=\"og:locale\" content=\"ar_AR\" \/>\n<meta property=\"og:type\" content=\"article\" \/>\n<meta property=\"og:title\" content=\"(Fran\u00e7ais) Makthar, l\u2019antique Mactaris - INP \u0627\u0644\u0645\u0639\u0647\u062f \u0627\u0644\u0648\u0637\u0646\u064a \u0644\u0644\u062a\u0631\u0627\u062b\" \/>\n<meta property=\"og:description\" content=\"{:fr}Makthar, l&#039;antique Mactaris est une ville d\u2019origine numide situ\u00e9e sur un plateau \u00e0 la bordure Nord de la dorsale Tunisienne. Elle est localis\u00e9e \u00e0 la limite entre le Nord-Ouest et le Centre-Ouest de la Tunisie, \u00e0 150 kilom\u00e8tres au Sud-Ouest de Tunis et \u00e0 70 kilom\u00e8tres au Sud- Est du Kef. Avec une altitude de 900 m\u00e8tres, elle constitue le plus \u00e9lev\u00e9 du pays.{:}\" \/>\n<meta property=\"og:url\" content=\"https:\/\/www.inp2020.tn\/2020\/09\/07\/makthar\/\" \/>\n<meta property=\"og:site_name\" content=\"INP \u0627\u0644\u0645\u0639\u0647\u062f \u0627\u0644\u0648\u0637\u0646\u064a \u0644\u0644\u062a\u0631\u0627\u062b\" \/>\n<meta property=\"article:publisher\" content=\"https:\/\/www.facebook.com\/Inp.Institut.National.Du.Patrimoine\/\" \/>\n<meta property=\"article:author\" content=\"https:\/\/www.facebook.com\/ali.dabb.39\/\" \/>\n<meta property=\"article:published_time\" content=\"2020-09-07T12:46:53+00:00\" \/>\n<meta property=\"article:modified_time\" content=\"2024-04-12T14:17:32+00:00\" \/>\n<meta property=\"og:image\" content=\"http:\/\/www.inp2020.tn\/wp-content\/uploads\/2020\/09\/mactaris.png\" \/>\n\t<meta property=\"og:image:width\" content=\"1021\" \/>\n\t<meta property=\"og:image:height\" content=\"704\" \/>\n\t<meta property=\"og:image:type\" content=\"image\/png\" \/>\n<meta name=\"author\" content=\"Ali DABBAGHI\" \/>\n<meta name=\"twitter:card\" content=\"summary_large_image\" \/>\n<meta name=\"twitter:label1\" content=\"\u0643\u064f\u062a\u0628 \u0628\u0648\u0627\u0633\u0637\u0629\" \/>\n\t<meta name=\"twitter:data1\" content=\"Ali DABBAGHI\" \/>\n\t<meta name=\"twitter:label2\" content=\"\u0648\u0642\u062a \u0627\u0644\u0642\u0631\u0627\u0621\u0629 \u0627\u0644\u0645\u064f\u0642\u062f\u0651\u0631\" \/>\n\t<meta name=\"twitter:data2\" content=\"23 \u062f\u0642\u064a\u0642\u0629\" \/>\n<script type=\"application\/ld+json\" class=\"yoast-schema-graph\">{\"@context\":\"https:\\\/\\\/schema.org\",\"@graph\":[{\"@type\":\"Article\",\"@id\":\"https:\\\/\\\/www.inp2020.tn\\\/2020\\\/09\\\/07\\\/makthar\\\/#article\",\"isPartOf\":{\"@id\":\"https:\\\/\\\/www.inp2020.tn\\\/2020\\\/09\\\/07\\\/makthar\\\/\"},\"author\":{\"name\":\"Ali DABBAGHI\",\"@id\":\"https:\\\/\\\/www.inp2020.tn\\\/#\\\/schema\\\/person\\\/bd2f4dd60a7cd9b2beaa801ddc3457a8\"},\"headline\":\"(Fran\u00e7ais) Makthar, l\u2019antique Mactaris\",\"datePublished\":\"2020-09-07T12:46:53+00:00\",\"dateModified\":\"2024-04-12T14:17:32+00:00\",\"mainEntityOfPage\":{\"@id\":\"https:\\\/\\\/www.inp2020.tn\\\/2020\\\/09\\\/07\\\/makthar\\\/\"},\"wordCount\":4003,\"commentCount\":0,\"publisher\":{\"@id\":\"https:\\\/\\\/www.inp2020.tn\\\/#organization\"},\"image\":{\"@id\":\"https:\\\/\\\/www.inp2020.tn\\\/2020\\\/09\\\/07\\\/makthar\\\/#primaryimage\"},\"thumbnailUrl\":\"https:\\\/\\\/www.inp2020.tn\\\/wp-content\\\/uploads\\\/2020\\\/09\\\/mactaris.png\",\"keywords\":[\"Article de Boutheina Ayari\",\"basilique de Ritilius\",\"Conservateur du Patrimoine \u00e0 l\u2019INP\",\"La Schola des Iuvenes\",\"Le Forum\",\"Le Monument \u00e0 Auges\",\"Makther\",\"Rempart numide\",\"Temple dit de Liber Pater\"],\"articleSection\":[\"\u0645\u0639\u0627\u0644\u0645 \u0648\u0645\u0648\u0627\u0642\u0639\"],\"inLanguage\":\"ar\",\"potentialAction\":[{\"@type\":\"CommentAction\",\"name\":\"Comment\",\"target\":[\"https:\\\/\\\/www.inp2020.tn\\\/2020\\\/09\\\/07\\\/makthar\\\/#respond\"]}]},{\"@type\":\"WebPage\",\"@id\":\"https:\\\/\\\/www.inp2020.tn\\\/2020\\\/09\\\/07\\\/makthar\\\/\",\"url\":\"https:\\\/\\\/www.inp2020.tn\\\/2020\\\/09\\\/07\\\/makthar\\\/\",\"name\":\"(Fran\u00e7ais) Makthar, l\u2019antique Mactaris - INP \u0627\u0644\u0645\u0639\u0647\u062f \u0627\u0644\u0648\u0637\u0646\u064a \u0644\u0644\u062a\u0631\u0627\u062b\",\"isPartOf\":{\"@id\":\"https:\\\/\\\/www.inp2020.tn\\\/#website\"},\"primaryImageOfPage\":{\"@id\":\"https:\\\/\\\/www.inp2020.tn\\\/2020\\\/09\\\/07\\\/makthar\\\/#primaryimage\"},\"image\":{\"@id\":\"https:\\\/\\\/www.inp2020.tn\\\/2020\\\/09\\\/07\\\/makthar\\\/#primaryimage\"},\"thumbnailUrl\":\"https:\\\/\\\/www.inp2020.tn\\\/wp-content\\\/uploads\\\/2020\\\/09\\\/mactaris.png\",\"datePublished\":\"2020-09-07T12:46:53+00:00\",\"dateModified\":\"2024-04-12T14:17:32+00:00\",\"description\":\"{:fr}Makthar, l'antique Mactaris est une ville d\u2019origine numide situ\u00e9e sur un plateau \u00e0 la bordure Nord de la dorsale Tunisienne. Elle est localis\u00e9e \u00e0 la limite entre le Nord-Ouest et le Centre-Ouest de la Tunisie, \u00e0 150 kilom\u00e8tres au Sud-Ouest de Tunis et \u00e0 70 kilom\u00e8tres au Sud- Est du Kef. Avec une altitude de 900 m\u00e8tres, elle constitue le plus \u00e9lev\u00e9 du pays.{:}\",\"breadcrumb\":{\"@id\":\"https:\\\/\\\/www.inp2020.tn\\\/2020\\\/09\\\/07\\\/makthar\\\/#breadcrumb\"},\"inLanguage\":\"ar\",\"potentialAction\":[{\"@type\":\"ReadAction\",\"target\":[\"https:\\\/\\\/www.inp2020.tn\\\/2020\\\/09\\\/07\\\/makthar\\\/\"]}]},{\"@type\":\"ImageObject\",\"inLanguage\":\"ar\",\"@id\":\"https:\\\/\\\/www.inp2020.tn\\\/2020\\\/09\\\/07\\\/makthar\\\/#primaryimage\",\"url\":\"https:\\\/\\\/www.inp2020.tn\\\/wp-content\\\/uploads\\\/2020\\\/09\\\/mactaris.png\",\"contentUrl\":\"https:\\\/\\\/www.inp2020.tn\\\/wp-content\\\/uploads\\\/2020\\\/09\\\/mactaris.png\",\"width\":1021,\"height\":704,\"caption\":\"Makthar, l'antique Mactaris\"},{\"@type\":\"BreadcrumbList\",\"@id\":\"https:\\\/\\\/www.inp2020.tn\\\/2020\\\/09\\\/07\\\/makthar\\\/#breadcrumb\",\"itemListElement\":[{\"@type\":\"ListItem\",\"position\":1,\"name\":\"Home\",\"item\":\"https:\\\/\\\/www.inp2020.tn\\\/\"},{\"@type\":\"ListItem\",\"position\":2,\"name\":\"Makthar, l\u2019antique Mactaris\"}]},{\"@type\":\"WebSite\",\"@id\":\"https:\\\/\\\/www.inp2020.tn\\\/#website\",\"url\":\"https:\\\/\\\/www.inp2020.tn\\\/\",\"name\":\"INP \u0627\u0644\u0645\u0639\u0647\u062f \u0627\u0644\u0648\u0637\u0646\u064a \u0644\u0644\u062a\u0631\u0627\u062b\",\"description\":\"\u0625\u0646 \u0639\u0644\u0645 \u0627\u0644\u0622\u062b\u0627\u0631 \u0647\u0648 \u0623\u0633\u0645\u0649 \u0623\u0646\u0648\u0627\u0639 \u0627\u0644\u0628\u062d\u0648\u062b\",\"publisher\":{\"@id\":\"https:\\\/\\\/www.inp2020.tn\\\/#organization\"},\"potentialAction\":[{\"@type\":\"SearchAction\",\"target\":{\"@type\":\"EntryPoint\",\"urlTemplate\":\"https:\\\/\\\/www.inp2020.tn\\\/?s={search_term_string}\"},\"query-input\":{\"@type\":\"PropertyValueSpecification\",\"valueRequired\":true,\"valueName\":\"search_term_string\"}}],\"inLanguage\":\"ar\"},{\"@type\":\"Organization\",\"@id\":\"https:\\\/\\\/www.inp2020.tn\\\/#organization\",\"name\":\"Institut National du Patrimoine - Tunisie\",\"url\":\"https:\\\/\\\/www.inp2020.tn\\\/\",\"logo\":{\"@type\":\"ImageObject\",\"inLanguage\":\"ar\",\"@id\":\"https:\\\/\\\/www.inp2020.tn\\\/#\\\/schema\\\/logo\\\/image\\\/\",\"url\":\"http:\\\/\\\/www.inp2020.tn\\\/wp-content\\\/uploads\\\/2019\\\/12\\\/logo-inp-e1612522185676.jpg\",\"contentUrl\":\"http:\\\/\\\/www.inp2020.tn\\\/wp-content\\\/uploads\\\/2019\\\/12\\\/logo-inp-e1612522185676.jpg\",\"width\":75,\"height\":75,\"caption\":\"Institut National du Patrimoine - Tunisie\"},\"image\":{\"@id\":\"https:\\\/\\\/www.inp2020.tn\\\/#\\\/schema\\\/logo\\\/image\\\/\"},\"sameAs\":[\"https:\\\/\\\/www.facebook.com\\\/Inp.Institut.National.Du.Patrimoine\\\/\"]},{\"@type\":\"Person\",\"@id\":\"https:\\\/\\\/www.inp2020.tn\\\/#\\\/schema\\\/person\\\/bd2f4dd60a7cd9b2beaa801ddc3457a8\",\"name\":\"Ali DABBAGHI\",\"image\":{\"@type\":\"ImageObject\",\"inLanguage\":\"ar\",\"@id\":\"https:\\\/\\\/secure.gravatar.com\\\/avatar\\\/432af6f4f809c18faaf19a936a481c5d5f152b5f7eb7c93a86afa9a18f2ab991?s=96&d=mm&r=g\",\"url\":\"https:\\\/\\\/secure.gravatar.com\\\/avatar\\\/432af6f4f809c18faaf19a936a481c5d5f152b5f7eb7c93a86afa9a18f2ab991?s=96&d=mm&r=g\",\"contentUrl\":\"https:\\\/\\\/secure.gravatar.com\\\/avatar\\\/432af6f4f809c18faaf19a936a481c5d5f152b5f7eb7c93a86afa9a18f2ab991?s=96&d=mm&r=g\",\"caption\":\"Ali DABBAGHI\"},\"description\":\"Ing\u00e9nieur G\u00e9n\u00e9ral sp\u00e9cialiste des syst\u00e8mes d'information et de communication, \u0645\u0647\u0646\u062f\u0633 \u0639\u0627\u0645 \u0641\u064a \u0646\u0638\u0645 \u0627\u0644\u0645\u0639\u0644\u0648\u0645\u0627\u062a \u0648\u0627\u0644\u0627\u062a\u0635\u0627\u0644\u0627\u062a General Engineer information and communication systems\",\"sameAs\":[\"http:\\\/\\\/www.inp2020.tn\",\"https:\\\/\\\/www.facebook.com\\\/ali.dabb.39\\\/\"],\"url\":\"https:\\\/\\\/www.inp2020.tn\\\/ar\\\/author\\\/admin-2\\\/\"}]}<\/script>\n<!-- \/ Yoast SEO plugin. -->","yoast_head_json":{"title":"(Fran\u00e7ais) Makthar, l\u2019antique Mactaris - INP \u0627\u0644\u0645\u0639\u0647\u062f \u0627\u0644\u0648\u0637\u0646\u064a \u0644\u0644\u062a\u0631\u0627\u062b","description":"(Fran\u00e7ais) Makthar, l'antique Mactaris est une ville d\u2019origine numide situ\u00e9e sur un plateau \u00e0 la bordure Nord de la dorsale Tunisienne. Elle est localis\u00e9e \u00e0 la limite entre le Nord-Ouest et le Centre-Ouest de la Tunisie, \u00e0 150 kilom\u00e8tres au Sud-Ouest de Tunis et \u00e0 70 kilom\u00e8tres au Sud- Est du Kef. Avec une altitude de 900 m\u00e8tres, elle constitue le plus \u00e9lev\u00e9 du pays.","robots":{"index":"index","follow":"follow","max-snippet":"max-snippet:-1","max-image-preview":"max-image-preview:large","max-video-preview":"max-video-preview:-1"},"canonical":"https:\/\/www.inp2020.tn\/2020\/09\/07\/makthar\/","og_locale":"ar_AR","og_type":"article","og_title":"(Fran\u00e7ais) Makthar, l\u2019antique Mactaris - INP \u0627\u0644\u0645\u0639\u0647\u062f \u0627\u0644\u0648\u0637\u0646\u064a \u0644\u0644\u062a\u0631\u0627\u062b","og_description":"{:fr}Makthar, l'antique Mactaris est une ville d\u2019origine numide situ\u00e9e sur un plateau \u00e0 la bordure Nord de la dorsale Tunisienne. Elle est localis\u00e9e \u00e0 la limite entre le Nord-Ouest et le Centre-Ouest de la Tunisie, \u00e0 150 kilom\u00e8tres au Sud-Ouest de Tunis et \u00e0 70 kilom\u00e8tres au Sud- Est du Kef. Avec une altitude de 900 m\u00e8tres, elle constitue le plus \u00e9lev\u00e9 du pays.{:}","og_url":"https:\/\/www.inp2020.tn\/2020\/09\/07\/makthar\/","og_site_name":"INP \u0627\u0644\u0645\u0639\u0647\u062f \u0627\u0644\u0648\u0637\u0646\u064a \u0644\u0644\u062a\u0631\u0627\u062b","article_publisher":"https:\/\/www.facebook.com\/Inp.Institut.National.Du.Patrimoine\/","article_author":"https:\/\/www.facebook.com\/ali.dabb.39\/","article_published_time":"2020-09-07T12:46:53+00:00","article_modified_time":"2024-04-12T14:17:32+00:00","og_image":[{"width":1021,"height":704,"url":"http:\/\/www.inp2020.tn\/wp-content\/uploads\/2020\/09\/mactaris.png","type":"image\/png"}],"author":"Ali DABBAGHI","twitter_card":"summary_large_image","twitter_misc":{"\u0643\u064f\u062a\u0628 \u0628\u0648\u0627\u0633\u0637\u0629":"Ali DABBAGHI","\u0648\u0642\u062a \u0627\u0644\u0642\u0631\u0627\u0621\u0629 \u0627\u0644\u0645\u064f\u0642\u062f\u0651\u0631":"23 \u062f\u0642\u064a\u0642\u0629"},"schema":{"@context":"https:\/\/schema.org","@graph":[{"@type":"Article","@id":"https:\/\/www.inp2020.tn\/2020\/09\/07\/makthar\/#article","isPartOf":{"@id":"https:\/\/www.inp2020.tn\/2020\/09\/07\/makthar\/"},"author":{"name":"Ali DABBAGHI","@id":"https:\/\/www.inp2020.tn\/#\/schema\/person\/bd2f4dd60a7cd9b2beaa801ddc3457a8"},"headline":"(Fran\u00e7ais) Makthar, l\u2019antique Mactaris","datePublished":"2020-09-07T12:46:53+00:00","dateModified":"2024-04-12T14:17:32+00:00","mainEntityOfPage":{"@id":"https:\/\/www.inp2020.tn\/2020\/09\/07\/makthar\/"},"wordCount":4003,"commentCount":0,"publisher":{"@id":"https:\/\/www.inp2020.tn\/#organization"},"image":{"@id":"https:\/\/www.inp2020.tn\/2020\/09\/07\/makthar\/#primaryimage"},"thumbnailUrl":"https:\/\/www.inp2020.tn\/wp-content\/uploads\/2020\/09\/mactaris.png","keywords":["Article de Boutheina Ayari","basilique de Ritilius","Conservateur du Patrimoine \u00e0 l\u2019INP","La Schola des Iuvenes","Le Forum","Le Monument \u00e0 Auges","Makther","Rempart numide","Temple dit de Liber Pater"],"articleSection":["\u0645\u0639\u0627\u0644\u0645 \u0648\u0645\u0648\u0627\u0642\u0639"],"inLanguage":"ar","potentialAction":[{"@type":"CommentAction","name":"Comment","target":["https:\/\/www.inp2020.tn\/2020\/09\/07\/makthar\/#respond"]}]},{"@type":"WebPage","@id":"https:\/\/www.inp2020.tn\/2020\/09\/07\/makthar\/","url":"https:\/\/www.inp2020.tn\/2020\/09\/07\/makthar\/","name":"(Fran\u00e7ais) Makthar, l\u2019antique Mactaris - INP \u0627\u0644\u0645\u0639\u0647\u062f \u0627\u0644\u0648\u0637\u0646\u064a \u0644\u0644\u062a\u0631\u0627\u062b","isPartOf":{"@id":"https:\/\/www.inp2020.tn\/#website"},"primaryImageOfPage":{"@id":"https:\/\/www.inp2020.tn\/2020\/09\/07\/makthar\/#primaryimage"},"image":{"@id":"https:\/\/www.inp2020.tn\/2020\/09\/07\/makthar\/#primaryimage"},"thumbnailUrl":"https:\/\/www.inp2020.tn\/wp-content\/uploads\/2020\/09\/mactaris.png","datePublished":"2020-09-07T12:46:53+00:00","dateModified":"2024-04-12T14:17:32+00:00","description":"{:fr}Makthar, l'antique Mactaris est une ville d\u2019origine numide situ\u00e9e sur un plateau \u00e0 la bordure Nord de la dorsale Tunisienne. Elle est localis\u00e9e \u00e0 la limite entre le Nord-Ouest et le Centre-Ouest de la Tunisie, \u00e0 150 kilom\u00e8tres au Sud-Ouest de Tunis et \u00e0 70 kilom\u00e8tres au Sud- Est du Kef. Avec une altitude de 900 m\u00e8tres, elle constitue le plus \u00e9lev\u00e9 du pays.{:}","breadcrumb":{"@id":"https:\/\/www.inp2020.tn\/2020\/09\/07\/makthar\/#breadcrumb"},"inLanguage":"ar","potentialAction":[{"@type":"ReadAction","target":["https:\/\/www.inp2020.tn\/2020\/09\/07\/makthar\/"]}]},{"@type":"ImageObject","inLanguage":"ar","@id":"https:\/\/www.inp2020.tn\/2020\/09\/07\/makthar\/#primaryimage","url":"https:\/\/www.inp2020.tn\/wp-content\/uploads\/2020\/09\/mactaris.png","contentUrl":"https:\/\/www.inp2020.tn\/wp-content\/uploads\/2020\/09\/mactaris.png","width":1021,"height":704,"caption":"Makthar, l'antique Mactaris"},{"@type":"BreadcrumbList","@id":"https:\/\/www.inp2020.tn\/2020\/09\/07\/makthar\/#breadcrumb","itemListElement":[{"@type":"ListItem","position":1,"name":"Home","item":"https:\/\/www.inp2020.tn\/"},{"@type":"ListItem","position":2,"name":"Makthar, l\u2019antique Mactaris"}]},{"@type":"WebSite","@id":"https:\/\/www.inp2020.tn\/#website","url":"https:\/\/www.inp2020.tn\/","name":"INP \u0627\u0644\u0645\u0639\u0647\u062f \u0627\u0644\u0648\u0637\u0646\u064a \u0644\u0644\u062a\u0631\u0627\u062b","description":"\u0625\u0646 \u0639\u0644\u0645 \u0627\u0644\u0622\u062b\u0627\u0631 \u0647\u0648 \u0623\u0633\u0645\u0649 \u0623\u0646\u0648\u0627\u0639 \u0627\u0644\u0628\u062d\u0648\u062b","publisher":{"@id":"https:\/\/www.inp2020.tn\/#organization"},"potentialAction":[{"@type":"SearchAction","target":{"@type":"EntryPoint","urlTemplate":"https:\/\/www.inp2020.tn\/?s={search_term_string}"},"query-input":{"@type":"PropertyValueSpecification","valueRequired":true,"valueName":"search_term_string"}}],"inLanguage":"ar"},{"@type":"Organization","@id":"https:\/\/www.inp2020.tn\/#organization","name":"Institut National du Patrimoine - Tunisie","url":"https:\/\/www.inp2020.tn\/","logo":{"@type":"ImageObject","inLanguage":"ar","@id":"https:\/\/www.inp2020.tn\/#\/schema\/logo\/image\/","url":"http:\/\/www.inp2020.tn\/wp-content\/uploads\/2019\/12\/logo-inp-e1612522185676.jpg","contentUrl":"http:\/\/www.inp2020.tn\/wp-content\/uploads\/2019\/12\/logo-inp-e1612522185676.jpg","width":75,"height":75,"caption":"Institut National du Patrimoine - Tunisie"},"image":{"@id":"https:\/\/www.inp2020.tn\/#\/schema\/logo\/image\/"},"sameAs":["https:\/\/www.facebook.com\/Inp.Institut.National.Du.Patrimoine\/"]},{"@type":"Person","@id":"https:\/\/www.inp2020.tn\/#\/schema\/person\/bd2f4dd60a7cd9b2beaa801ddc3457a8","name":"Ali DABBAGHI","image":{"@type":"ImageObject","inLanguage":"ar","@id":"https:\/\/secure.gravatar.com\/avatar\/432af6f4f809c18faaf19a936a481c5d5f152b5f7eb7c93a86afa9a18f2ab991?s=96&d=mm&r=g","url":"https:\/\/secure.gravatar.com\/avatar\/432af6f4f809c18faaf19a936a481c5d5f152b5f7eb7c93a86afa9a18f2ab991?s=96&d=mm&r=g","contentUrl":"https:\/\/secure.gravatar.com\/avatar\/432af6f4f809c18faaf19a936a481c5d5f152b5f7eb7c93a86afa9a18f2ab991?s=96&d=mm&r=g","caption":"Ali DABBAGHI"},"description":"Ing\u00e9nieur G\u00e9n\u00e9ral sp\u00e9cialiste des syst\u00e8mes d'information et de communication, \u0645\u0647\u0646\u062f\u0633 \u0639\u0627\u0645 \u0641\u064a \u0646\u0638\u0645 \u0627\u0644\u0645\u0639\u0644\u0648\u0645\u0627\u062a \u0648\u0627\u0644\u0627\u062a\u0635\u0627\u0644\u0627\u062a General Engineer information and communication systems","sameAs":["http:\/\/www.inp2020.tn","https:\/\/www.facebook.com\/ali.dabb.39\/"],"url":"https:\/\/www.inp2020.tn\/ar\/author\/admin-2\/"}]}},"_links":{"self":[{"href":"https:\/\/www.inp2020.tn\/ar\/wp-json\/wp\/v2\/posts\/2201","targetHints":{"allow":["GET"]}}],"collection":[{"href":"https:\/\/www.inp2020.tn\/ar\/wp-json\/wp\/v2\/posts"}],"about":[{"href":"https:\/\/www.inp2020.tn\/ar\/wp-json\/wp\/v2\/types\/post"}],"author":[{"embeddable":true,"href":"https:\/\/www.inp2020.tn\/ar\/wp-json\/wp\/v2\/users\/1"}],"replies":[{"embeddable":true,"href":"https:\/\/www.inp2020.tn\/ar\/wp-json\/wp\/v2\/comments?post=2201"}],"version-history":[{"count":11,"href":"https:\/\/www.inp2020.tn\/ar\/wp-json\/wp\/v2\/posts\/2201\/revisions"}],"predecessor-version":[{"id":8524,"href":"https:\/\/www.inp2020.tn\/ar\/wp-json\/wp\/v2\/posts\/2201\/revisions\/8524"}],"wp:featuredmedia":[{"embeddable":true,"href":"https:\/\/www.inp2020.tn\/ar\/wp-json\/wp\/v2\/media\/2209"}],"wp:attachment":[{"href":"https:\/\/www.inp2020.tn\/ar\/wp-json\/wp\/v2\/media?parent=2201"}],"wp:term":[{"taxonomy":"category","embeddable":true,"href":"https:\/\/www.inp2020.tn\/ar\/wp-json\/wp\/v2\/categories?post=2201"},{"taxonomy":"post_tag","embeddable":true,"href":"https:\/\/www.inp2020.tn\/ar\/wp-json\/wp\/v2\/tags?post=2201"}],"curies":[{"name":"wp","href":"https:\/\/api.w.org\/{rel}","templated":true}]}}