{"id":2263,"date":"2020-09-22T10:51:51","date_gmt":"2020-09-22T09:51:51","guid":{"rendered":"http:\/\/www.inp2020.tn\/?p=2263"},"modified":"2020-09-22T11:53:31","modified_gmt":"2020-09-22T10:53:31","slug":"larcheologie-sous-marine-cade-legislatif","status":"publish","type":"post","link":"https:\/\/www.inp2020.tn\/ar\/2020\/09\/22\/larcheologie-sous-marine-cade-legislatif\/","title":{"rendered":"(Fran\u00e7ais) L\u2019Arch\u00e9ologie Sous-Marine : Cadre L\u00e9gislatif"},"content":{"rendered":"\u0639\u0641\u0648\u0627\u060c \u0647\u0630\u0647 \u0627\u0644\u0645\u062f\u062e\u0644\u0629 \u0645\u0648\u062c\u0648\u062f\u0629 \u0641\u0642\u0637 \u0641\u064a Fran\u00e7ais. <a href=\"https:\/\/www.inp2020.tn\/ar\/2020\/09\/22\/larcheologie-sous-marine-cade-legislatif\/\" class=\"more-link\">(\u0627\u0644\u0645\u0632\u064a\u062f&hellip;)<\/a>","protected":false},"excerpt":{"rendered":"<p>\u0639\u0641\u0648\u0627\u060c \u0647\u0630\u0647 \u0627\u0644\u0645\u062f\u062e\u0644\u0629 \u0645\u0648\u062c\u0648\u062f\u0629 \u0641\u0642\u0637 \u0641\u064a Fran\u00e7ais. (\u0627\u0644\u0645\u0632\u064a\u062f&hellip;)<\/p>\n","protected":false},"author":1,"featured_media":2264,"comment_status":"open","ping_status":"closed","sticky":false,"template":"","format":"standard","meta":{"_uf_show_specific_survey":0,"_uf_disable_surveys":false,"footnotes":""},"categories":[91],"tags":[217,219,218,223,224,220,216,221,222],"class_list":["post-2263","post","type-post","status-publish","format-standard","has-post-thumbnail","hentry","category-charters-ar","tag-cade-legislatif","tag-cadre-legislatif-international","tag-cadre-legislatif-national","tag-convention-de-lunesco-2001","tag-convention-sur-le-droit-de-la-mer-signee-a-montego-bay","tag-decret-du-8-janvier-1920","tag-larcheologie-sous-marine","tag-loi-n-86-35-du-9-mai-1986","tag-loi-n-94-35-du-24-fevrier-1994"],"yoast_head":"<!-- This site is optimized with the Yoast SEO plugin v27.5 - https:\/\/yoast.com\/product\/yoast-seo-wordpress\/ -->\n<title>(Fran\u00e7ais) L\u2019Arch\u00e9ologie Sous-Marine : Cadre L\u00e9gislatif - INP \u0627\u0644\u0645\u0639\u0647\u062f \u0627\u0644\u0648\u0637\u0646\u064a \u0644\u0644\u062a\u0631\u0627\u062b<\/title>\n<meta name=\"description\" content=\"Les biens arch\u00e9ologiques, meubles ou immeubles d\u00e9couverts dans les eaux int\u00e9rieures ou les eaux territoriales, ou les eaux territoires sont consid\u00e9r\u00e9es propri\u00e9t\u00e9 de l\u2019\u00c9tat.\" \/>\n<meta name=\"robots\" content=\"index, follow, max-snippet:-1, max-image-preview:large, max-video-preview:-1\" \/>\n<link rel=\"canonical\" href=\"https:\/\/www.inp2020.tn\/2020\/09\/22\/larcheologie-sous-marine-cade-legislatif\/\" \/>\n<meta property=\"og:locale\" content=\"ar_AR\" \/>\n<meta property=\"og:type\" content=\"article\" \/>\n<meta property=\"og:title\" content=\"(Fran\u00e7ais) L\u2019Arch\u00e9ologie Sous-Marine : Cadre L\u00e9gislatif - INP \u0627\u0644\u0645\u0639\u0647\u062f \u0627\u0644\u0648\u0637\u0646\u064a \u0644\u0644\u062a\u0631\u0627\u062b\" \/>\n<meta property=\"og:description\" content=\"Les biens arch\u00e9ologiques, meubles ou immeubles d\u00e9couverts dans les eaux int\u00e9rieures ou les eaux territoriales, ou les eaux territoires sont consid\u00e9r\u00e9es propri\u00e9t\u00e9 de l\u2019\u00c9tat.\" \/>\n<meta property=\"og:url\" content=\"https:\/\/www.inp2020.tn\/2020\/09\/22\/larcheologie-sous-marine-cade-legislatif\/\" \/>\n<meta property=\"og:site_name\" content=\"INP \u0627\u0644\u0645\u0639\u0647\u062f \u0627\u0644\u0648\u0637\u0646\u064a \u0644\u0644\u062a\u0631\u0627\u062b\" \/>\n<meta property=\"article:publisher\" content=\"https:\/\/www.facebook.com\/Inp.Institut.National.Du.Patrimoine\/\" \/>\n<meta property=\"article:author\" content=\"https:\/\/www.facebook.com\/ali.dabb.39\/\" \/>\n<meta property=\"article:published_time\" content=\"2020-09-22T09:51:51+00:00\" \/>\n<meta property=\"article:modified_time\" content=\"2020-09-22T10:53:31+00:00\" \/>\n<meta property=\"og:image\" content=\"https:\/\/www.inp2020.tn\/wp-content\/uploads\/2020\/09\/cadre_leg.jpg\" \/>\n\t<meta property=\"og:image:width\" content=\"567\" \/>\n\t<meta property=\"og:image:height\" content=\"425\" \/>\n\t<meta property=\"og:image:type\" content=\"image\/jpeg\" \/>\n<meta name=\"author\" content=\"Ali DABBAGHI\" \/>\n<meta name=\"twitter:card\" content=\"summary_large_image\" \/>\n<meta name=\"twitter:label1\" content=\"\u0643\u064f\u062a\u0628 \u0628\u0648\u0627\u0633\u0637\u0629\" \/>\n\t<meta name=\"twitter:data1\" content=\"Ali DABBAGHI\" \/>\n\t<meta name=\"twitter:label2\" content=\"\u0648\u0642\u062a \u0627\u0644\u0642\u0631\u0627\u0621\u0629 \u0627\u0644\u0645\u064f\u0642\u062f\u0651\u0631\" \/>\n\t<meta name=\"twitter:data2\" content=\"5 \u062f\u0642\u0627\u0626\u0642\" \/>\n<script type=\"application\/ld+json\" class=\"yoast-schema-graph\">{\"@context\":\"https:\\\/\\\/schema.org\",\"@graph\":[{\"@type\":\"Article\",\"@id\":\"https:\\\/\\\/www.inp2020.tn\\\/2020\\\/09\\\/22\\\/larcheologie-sous-marine-cade-legislatif\\\/#article\",\"isPartOf\":{\"@id\":\"https:\\\/\\\/www.inp2020.tn\\\/2020\\\/09\\\/22\\\/larcheologie-sous-marine-cade-legislatif\\\/\"},\"author\":{\"name\":\"Ali DABBAGHI\",\"@id\":\"https:\\\/\\\/www.inp2020.tn\\\/#\\\/schema\\\/person\\\/bd2f4dd60a7cd9b2beaa801ddc3457a8\"},\"headline\":\"(Fran\u00e7ais) L\u2019Arch\u00e9ologie Sous-Marine : Cadre L\u00e9gislatif\",\"datePublished\":\"2020-09-22T09:51:51+00:00\",\"dateModified\":\"2020-09-22T10:53:31+00:00\",\"mainEntityOfPage\":{\"@id\":\"https:\\\/\\\/www.inp2020.tn\\\/2020\\\/09\\\/22\\\/larcheologie-sous-marine-cade-legislatif\\\/\"},\"wordCount\":970,\"commentCount\":0,\"publisher\":{\"@id\":\"https:\\\/\\\/www.inp2020.tn\\\/#organization\"},\"image\":{\"@id\":\"https:\\\/\\\/www.inp2020.tn\\\/2020\\\/09\\\/22\\\/larcheologie-sous-marine-cade-legislatif\\\/#primaryimage\"},\"thumbnailUrl\":\"https:\\\/\\\/www.inp2020.tn\\\/wp-content\\\/uploads\\\/2020\\\/09\\\/cadre_leg.jpg\",\"keywords\":[\"Cade L\u00e9gislatif\",\"Cadre L\u00e9gislatif International\",\"Cadre L\u00e9gislatif National\",\"Convention de l\u2019Unesco 2001\",\"Convention sur le droit de la mer sign\u00e9e \u00e0 Montego Bay\",\"D\u00e9cret du 8 janvier 1920\",\"L\u2019Arch\u00e9ologie Sous-Marine\",\"Loi n\u00b0 86-35 du 9 Mai 1986\",\"Loi n\u00b0 94-35 du 24 f\u00e9vrier 1994\"],\"articleSection\":[\"\u0627\u0644\u0645\u0648\u0627\u062b\u064a\u0642\"],\"inLanguage\":\"ar\",\"potentialAction\":[{\"@type\":\"CommentAction\",\"name\":\"Comment\",\"target\":[\"https:\\\/\\\/www.inp2020.tn\\\/2020\\\/09\\\/22\\\/larcheologie-sous-marine-cade-legislatif\\\/#respond\"]}]},{\"@type\":\"WebPage\",\"@id\":\"https:\\\/\\\/www.inp2020.tn\\\/2020\\\/09\\\/22\\\/larcheologie-sous-marine-cade-legislatif\\\/\",\"url\":\"https:\\\/\\\/www.inp2020.tn\\\/2020\\\/09\\\/22\\\/larcheologie-sous-marine-cade-legislatif\\\/\",\"name\":\"(Fran\u00e7ais) L\u2019Arch\u00e9ologie Sous-Marine : Cadre L\u00e9gislatif - INP \u0627\u0644\u0645\u0639\u0647\u062f \u0627\u0644\u0648\u0637\u0646\u064a \u0644\u0644\u062a\u0631\u0627\u062b\",\"isPartOf\":{\"@id\":\"https:\\\/\\\/www.inp2020.tn\\\/#website\"},\"primaryImageOfPage\":{\"@id\":\"https:\\\/\\\/www.inp2020.tn\\\/2020\\\/09\\\/22\\\/larcheologie-sous-marine-cade-legislatif\\\/#primaryimage\"},\"image\":{\"@id\":\"https:\\\/\\\/www.inp2020.tn\\\/2020\\\/09\\\/22\\\/larcheologie-sous-marine-cade-legislatif\\\/#primaryimage\"},\"thumbnailUrl\":\"https:\\\/\\\/www.inp2020.tn\\\/wp-content\\\/uploads\\\/2020\\\/09\\\/cadre_leg.jpg\",\"datePublished\":\"2020-09-22T09:51:51+00:00\",\"dateModified\":\"2020-09-22T10:53:31+00:00\",\"description\":\"Les biens arch\u00e9ologiques, meubles ou immeubles d\u00e9couverts dans les eaux int\u00e9rieures ou les eaux territoriales, ou les eaux territoires sont consid\u00e9r\u00e9es propri\u00e9t\u00e9 de l\u2019\u00c9tat.\",\"breadcrumb\":{\"@id\":\"https:\\\/\\\/www.inp2020.tn\\\/2020\\\/09\\\/22\\\/larcheologie-sous-marine-cade-legislatif\\\/#breadcrumb\"},\"inLanguage\":\"ar\",\"potentialAction\":[{\"@type\":\"ReadAction\",\"target\":[\"https:\\\/\\\/www.inp2020.tn\\\/2020\\\/09\\\/22\\\/larcheologie-sous-marine-cade-legislatif\\\/\"]}]},{\"@type\":\"ImageObject\",\"inLanguage\":\"ar\",\"@id\":\"https:\\\/\\\/www.inp2020.tn\\\/2020\\\/09\\\/22\\\/larcheologie-sous-marine-cade-legislatif\\\/#primaryimage\",\"url\":\"https:\\\/\\\/www.inp2020.tn\\\/wp-content\\\/uploads\\\/2020\\\/09\\\/cadre_leg.jpg\",\"contentUrl\":\"https:\\\/\\\/www.inp2020.tn\\\/wp-content\\\/uploads\\\/2020\\\/09\\\/cadre_leg.jpg\",\"width\":567,\"height\":425,\"caption\":\"L\u2019Arch\u00e9ologie Sous-Marine : Cade L\u00e9gislatif\"},{\"@type\":\"BreadcrumbList\",\"@id\":\"https:\\\/\\\/www.inp2020.tn\\\/2020\\\/09\\\/22\\\/larcheologie-sous-marine-cade-legislatif\\\/#breadcrumb\",\"itemListElement\":[{\"@type\":\"ListItem\",\"position\":1,\"name\":\"Home\",\"item\":\"https:\\\/\\\/www.inp2020.tn\\\/\"},{\"@type\":\"ListItem\",\"position\":2,\"name\":\"L\u2019Arch\u00e9ologie Sous-Marine : Cadre L\u00e9gislatif\"}]},{\"@type\":\"WebSite\",\"@id\":\"https:\\\/\\\/www.inp2020.tn\\\/#website\",\"url\":\"https:\\\/\\\/www.inp2020.tn\\\/\",\"name\":\"INP \u0627\u0644\u0645\u0639\u0647\u062f \u0627\u0644\u0648\u0637\u0646\u064a \u0644\u0644\u062a\u0631\u0627\u062b\",\"description\":\"\u0625\u0646 \u0639\u0644\u0645 \u0627\u0644\u0622\u062b\u0627\u0631 \u0647\u0648 \u0623\u0633\u0645\u0649 \u0623\u0646\u0648\u0627\u0639 \u0627\u0644\u0628\u062d\u0648\u062b\",\"publisher\":{\"@id\":\"https:\\\/\\\/www.inp2020.tn\\\/#organization\"},\"potentialAction\":[{\"@type\":\"SearchAction\",\"target\":{\"@type\":\"EntryPoint\",\"urlTemplate\":\"https:\\\/\\\/www.inp2020.tn\\\/?s={search_term_string}\"},\"query-input\":{\"@type\":\"PropertyValueSpecification\",\"valueRequired\":true,\"valueName\":\"search_term_string\"}}],\"inLanguage\":\"ar\"},{\"@type\":\"Organization\",\"@id\":\"https:\\\/\\\/www.inp2020.tn\\\/#organization\",\"name\":\"Institut National du Patrimoine - Tunisie\",\"url\":\"https:\\\/\\\/www.inp2020.tn\\\/\",\"logo\":{\"@type\":\"ImageObject\",\"inLanguage\":\"ar\",\"@id\":\"https:\\\/\\\/www.inp2020.tn\\\/#\\\/schema\\\/logo\\\/image\\\/\",\"url\":\"http:\\\/\\\/www.inp2020.tn\\\/wp-content\\\/uploads\\\/2019\\\/12\\\/logo-inp-e1612522185676.jpg\",\"contentUrl\":\"http:\\\/\\\/www.inp2020.tn\\\/wp-content\\\/uploads\\\/2019\\\/12\\\/logo-inp-e1612522185676.jpg\",\"width\":75,\"height\":75,\"caption\":\"Institut National du Patrimoine - Tunisie\"},\"image\":{\"@id\":\"https:\\\/\\\/www.inp2020.tn\\\/#\\\/schema\\\/logo\\\/image\\\/\"},\"sameAs\":[\"https:\\\/\\\/www.facebook.com\\\/Inp.Institut.National.Du.Patrimoine\\\/\"]},{\"@type\":\"Person\",\"@id\":\"https:\\\/\\\/www.inp2020.tn\\\/#\\\/schema\\\/person\\\/bd2f4dd60a7cd9b2beaa801ddc3457a8\",\"name\":\"Ali DABBAGHI\",\"image\":{\"@type\":\"ImageObject\",\"inLanguage\":\"ar\",\"@id\":\"https:\\\/\\\/secure.gravatar.com\\\/avatar\\\/432af6f4f809c18faaf19a936a481c5d5f152b5f7eb7c93a86afa9a18f2ab991?s=96&d=mm&r=g\",\"url\":\"https:\\\/\\\/secure.gravatar.com\\\/avatar\\\/432af6f4f809c18faaf19a936a481c5d5f152b5f7eb7c93a86afa9a18f2ab991?s=96&d=mm&r=g\",\"contentUrl\":\"https:\\\/\\\/secure.gravatar.com\\\/avatar\\\/432af6f4f809c18faaf19a936a481c5d5f152b5f7eb7c93a86afa9a18f2ab991?s=96&d=mm&r=g\",\"caption\":\"Ali DABBAGHI\"},\"description\":\"Ing\u00e9nieur G\u00e9n\u00e9ral sp\u00e9cialiste des syst\u00e8mes d'information et de communication, \u0645\u0647\u0646\u062f\u0633 \u0639\u0627\u0645 \u0641\u064a \u0646\u0638\u0645 \u0627\u0644\u0645\u0639\u0644\u0648\u0645\u0627\u062a \u0648\u0627\u0644\u0627\u062a\u0635\u0627\u0644\u0627\u062a General Engineer information and communication systems\",\"sameAs\":[\"http:\\\/\\\/www.inp2020.tn\",\"https:\\\/\\\/www.facebook.com\\\/ali.dabb.39\\\/\"],\"url\":\"https:\\\/\\\/www.inp2020.tn\\\/ar\\\/author\\\/admin-2\\\/\"}]}<\/script>\n<!-- \/ Yoast SEO plugin. -->","yoast_head_json":{"title":"(Fran\u00e7ais) L\u2019Arch\u00e9ologie Sous-Marine : Cadre L\u00e9gislatif - INP \u0627\u0644\u0645\u0639\u0647\u062f \u0627\u0644\u0648\u0637\u0646\u064a \u0644\u0644\u062a\u0631\u0627\u062b","description":"Les biens arch\u00e9ologiques, meubles ou immeubles d\u00e9couverts dans les eaux int\u00e9rieures ou les eaux territoriales, ou les eaux territoires sont consid\u00e9r\u00e9es propri\u00e9t\u00e9 de l\u2019\u00c9tat.","robots":{"index":"index","follow":"follow","max-snippet":"max-snippet:-1","max-image-preview":"max-image-preview:large","max-video-preview":"max-video-preview:-1"},"canonical":"https:\/\/www.inp2020.tn\/2020\/09\/22\/larcheologie-sous-marine-cade-legislatif\/","og_locale":"ar_AR","og_type":"article","og_title":"(Fran\u00e7ais) L\u2019Arch\u00e9ologie Sous-Marine : Cadre L\u00e9gislatif - INP \u0627\u0644\u0645\u0639\u0647\u062f \u0627\u0644\u0648\u0637\u0646\u064a \u0644\u0644\u062a\u0631\u0627\u062b","og_description":"Les biens arch\u00e9ologiques, meubles ou immeubles d\u00e9couverts dans les eaux int\u00e9rieures ou les eaux territoriales, ou les eaux territoires sont consid\u00e9r\u00e9es propri\u00e9t\u00e9 de l\u2019\u00c9tat.","og_url":"https:\/\/www.inp2020.tn\/2020\/09\/22\/larcheologie-sous-marine-cade-legislatif\/","og_site_name":"INP \u0627\u0644\u0645\u0639\u0647\u062f \u0627\u0644\u0648\u0637\u0646\u064a \u0644\u0644\u062a\u0631\u0627\u062b","article_publisher":"https:\/\/www.facebook.com\/Inp.Institut.National.Du.Patrimoine\/","article_author":"https:\/\/www.facebook.com\/ali.dabb.39\/","article_published_time":"2020-09-22T09:51:51+00:00","article_modified_time":"2020-09-22T10:53:31+00:00","og_image":[{"width":567,"height":425,"url":"https:\/\/www.inp2020.tn\/wp-content\/uploads\/2020\/09\/cadre_leg.jpg","type":"image\/jpeg"}],"author":"Ali DABBAGHI","twitter_card":"summary_large_image","twitter_misc":{"\u0643\u064f\u062a\u0628 \u0628\u0648\u0627\u0633\u0637\u0629":"Ali DABBAGHI","\u0648\u0642\u062a \u0627\u0644\u0642\u0631\u0627\u0621\u0629 \u0627\u0644\u0645\u064f\u0642\u062f\u0651\u0631":"5 \u062f\u0642\u0627\u0626\u0642"},"schema":{"@context":"https:\/\/schema.org","@graph":[{"@type":"Article","@id":"https:\/\/www.inp2020.tn\/2020\/09\/22\/larcheologie-sous-marine-cade-legislatif\/#article","isPartOf":{"@id":"https:\/\/www.inp2020.tn\/2020\/09\/22\/larcheologie-sous-marine-cade-legislatif\/"},"author":{"name":"Ali DABBAGHI","@id":"https:\/\/www.inp2020.tn\/#\/schema\/person\/bd2f4dd60a7cd9b2beaa801ddc3457a8"},"headline":"(Fran\u00e7ais) L\u2019Arch\u00e9ologie Sous-Marine : Cadre L\u00e9gislatif","datePublished":"2020-09-22T09:51:51+00:00","dateModified":"2020-09-22T10:53:31+00:00","mainEntityOfPage":{"@id":"https:\/\/www.inp2020.tn\/2020\/09\/22\/larcheologie-sous-marine-cade-legislatif\/"},"wordCount":970,"commentCount":0,"publisher":{"@id":"https:\/\/www.inp2020.tn\/#organization"},"image":{"@id":"https:\/\/www.inp2020.tn\/2020\/09\/22\/larcheologie-sous-marine-cade-legislatif\/#primaryimage"},"thumbnailUrl":"https:\/\/www.inp2020.tn\/wp-content\/uploads\/2020\/09\/cadre_leg.jpg","keywords":["Cade L\u00e9gislatif","Cadre L\u00e9gislatif International","Cadre L\u00e9gislatif National","Convention de l\u2019Unesco 2001","Convention sur le droit de la mer sign\u00e9e \u00e0 Montego Bay","D\u00e9cret du 8 janvier 1920","L\u2019Arch\u00e9ologie Sous-Marine","Loi n\u00b0 86-35 du 9 Mai 1986","Loi n\u00b0 94-35 du 24 f\u00e9vrier 1994"],"articleSection":["\u0627\u0644\u0645\u0648\u0627\u062b\u064a\u0642"],"inLanguage":"ar","potentialAction":[{"@type":"CommentAction","name":"Comment","target":["https:\/\/www.inp2020.tn\/2020\/09\/22\/larcheologie-sous-marine-cade-legislatif\/#respond"]}]},{"@type":"WebPage","@id":"https:\/\/www.inp2020.tn\/2020\/09\/22\/larcheologie-sous-marine-cade-legislatif\/","url":"https:\/\/www.inp2020.tn\/2020\/09\/22\/larcheologie-sous-marine-cade-legislatif\/","name":"(Fran\u00e7ais) L\u2019Arch\u00e9ologie Sous-Marine : Cadre L\u00e9gislatif - INP \u0627\u0644\u0645\u0639\u0647\u062f \u0627\u0644\u0648\u0637\u0646\u064a \u0644\u0644\u062a\u0631\u0627\u062b","isPartOf":{"@id":"https:\/\/www.inp2020.tn\/#website"},"primaryImageOfPage":{"@id":"https:\/\/www.inp2020.tn\/2020\/09\/22\/larcheologie-sous-marine-cade-legislatif\/#primaryimage"},"image":{"@id":"https:\/\/www.inp2020.tn\/2020\/09\/22\/larcheologie-sous-marine-cade-legislatif\/#primaryimage"},"thumbnailUrl":"https:\/\/www.inp2020.tn\/wp-content\/uploads\/2020\/09\/cadre_leg.jpg","datePublished":"2020-09-22T09:51:51+00:00","dateModified":"2020-09-22T10:53:31+00:00","description":"Les biens arch\u00e9ologiques, meubles ou immeubles d\u00e9couverts dans les eaux int\u00e9rieures ou les eaux territoriales, ou les eaux territoires sont consid\u00e9r\u00e9es propri\u00e9t\u00e9 de l\u2019\u00c9tat.","breadcrumb":{"@id":"https:\/\/www.inp2020.tn\/2020\/09\/22\/larcheologie-sous-marine-cade-legislatif\/#breadcrumb"},"inLanguage":"ar","potentialAction":[{"@type":"ReadAction","target":["https:\/\/www.inp2020.tn\/2020\/09\/22\/larcheologie-sous-marine-cade-legislatif\/"]}]},{"@type":"ImageObject","inLanguage":"ar","@id":"https:\/\/www.inp2020.tn\/2020\/09\/22\/larcheologie-sous-marine-cade-legislatif\/#primaryimage","url":"https:\/\/www.inp2020.tn\/wp-content\/uploads\/2020\/09\/cadre_leg.jpg","contentUrl":"https:\/\/www.inp2020.tn\/wp-content\/uploads\/2020\/09\/cadre_leg.jpg","width":567,"height":425,"caption":"L\u2019Arch\u00e9ologie Sous-Marine : Cade L\u00e9gislatif"},{"@type":"BreadcrumbList","@id":"https:\/\/www.inp2020.tn\/2020\/09\/22\/larcheologie-sous-marine-cade-legislatif\/#breadcrumb","itemListElement":[{"@type":"ListItem","position":1,"name":"Home","item":"https:\/\/www.inp2020.tn\/"},{"@type":"ListItem","position":2,"name":"L\u2019Arch\u00e9ologie Sous-Marine : Cadre L\u00e9gislatif"}]},{"@type":"WebSite","@id":"https:\/\/www.inp2020.tn\/#website","url":"https:\/\/www.inp2020.tn\/","name":"INP \u0627\u0644\u0645\u0639\u0647\u062f \u0627\u0644\u0648\u0637\u0646\u064a \u0644\u0644\u062a\u0631\u0627\u062b","description":"\u0625\u0646 \u0639\u0644\u0645 \u0627\u0644\u0622\u062b\u0627\u0631 \u0647\u0648 \u0623\u0633\u0645\u0649 \u0623\u0646\u0648\u0627\u0639 \u0627\u0644\u0628\u062d\u0648\u062b","publisher":{"@id":"https:\/\/www.inp2020.tn\/#organization"},"potentialAction":[{"@type":"SearchAction","target":{"@type":"EntryPoint","urlTemplate":"https:\/\/www.inp2020.tn\/?s={search_term_string}"},"query-input":{"@type":"PropertyValueSpecification","valueRequired":true,"valueName":"search_term_string"}}],"inLanguage":"ar"},{"@type":"Organization","@id":"https:\/\/www.inp2020.tn\/#organization","name":"Institut National du Patrimoine - Tunisie","url":"https:\/\/www.inp2020.tn\/","logo":{"@type":"ImageObject","inLanguage":"ar","@id":"https:\/\/www.inp2020.tn\/#\/schema\/logo\/image\/","url":"http:\/\/www.inp2020.tn\/wp-content\/uploads\/2019\/12\/logo-inp-e1612522185676.jpg","contentUrl":"http:\/\/www.inp2020.tn\/wp-content\/uploads\/2019\/12\/logo-inp-e1612522185676.jpg","width":75,"height":75,"caption":"Institut National du Patrimoine - Tunisie"},"image":{"@id":"https:\/\/www.inp2020.tn\/#\/schema\/logo\/image\/"},"sameAs":["https:\/\/www.facebook.com\/Inp.Institut.National.Du.Patrimoine\/"]},{"@type":"Person","@id":"https:\/\/www.inp2020.tn\/#\/schema\/person\/bd2f4dd60a7cd9b2beaa801ddc3457a8","name":"Ali DABBAGHI","image":{"@type":"ImageObject","inLanguage":"ar","@id":"https:\/\/secure.gravatar.com\/avatar\/432af6f4f809c18faaf19a936a481c5d5f152b5f7eb7c93a86afa9a18f2ab991?s=96&d=mm&r=g","url":"https:\/\/secure.gravatar.com\/avatar\/432af6f4f809c18faaf19a936a481c5d5f152b5f7eb7c93a86afa9a18f2ab991?s=96&d=mm&r=g","contentUrl":"https:\/\/secure.gravatar.com\/avatar\/432af6f4f809c18faaf19a936a481c5d5f152b5f7eb7c93a86afa9a18f2ab991?s=96&d=mm&r=g","caption":"Ali DABBAGHI"},"description":"Ing\u00e9nieur G\u00e9n\u00e9ral sp\u00e9cialiste des syst\u00e8mes d'information et de communication, \u0645\u0647\u0646\u062f\u0633 \u0639\u0627\u0645 \u0641\u064a \u0646\u0638\u0645 \u0627\u0644\u0645\u0639\u0644\u0648\u0645\u0627\u062a \u0648\u0627\u0644\u0627\u062a\u0635\u0627\u0644\u0627\u062a General Engineer information and communication systems","sameAs":["http:\/\/www.inp2020.tn","https:\/\/www.facebook.com\/ali.dabb.39\/"],"url":"https:\/\/www.inp2020.tn\/ar\/author\/admin-2\/"}]}},"_links":{"self":[{"href":"https:\/\/www.inp2020.tn\/ar\/wp-json\/wp\/v2\/posts\/2263","targetHints":{"allow":["GET"]}}],"collection":[{"href":"https:\/\/www.inp2020.tn\/ar\/wp-json\/wp\/v2\/posts"}],"about":[{"href":"https:\/\/www.inp2020.tn\/ar\/wp-json\/wp\/v2\/types\/post"}],"author":[{"embeddable":true,"href":"https:\/\/www.inp2020.tn\/ar\/wp-json\/wp\/v2\/users\/1"}],"replies":[{"embeddable":true,"href":"https:\/\/www.inp2020.tn\/ar\/wp-json\/wp\/v2\/comments?post=2263"}],"version-history":[{"count":4,"href":"https:\/\/www.inp2020.tn\/ar\/wp-json\/wp\/v2\/posts\/2263\/revisions"}],"predecessor-version":[{"id":2268,"href":"https:\/\/www.inp2020.tn\/ar\/wp-json\/wp\/v2\/posts\/2263\/revisions\/2268"}],"wp:featuredmedia":[{"embeddable":true,"href":"https:\/\/www.inp2020.tn\/ar\/wp-json\/wp\/v2\/media\/2264"}],"wp:attachment":[{"href":"https:\/\/www.inp2020.tn\/ar\/wp-json\/wp\/v2\/media?parent=2263"}],"wp:term":[{"taxonomy":"category","embeddable":true,"href":"https:\/\/www.inp2020.tn\/ar\/wp-json\/wp\/v2\/categories?post=2263"},{"taxonomy":"post_tag","embeddable":true,"href":"https:\/\/www.inp2020.tn\/ar\/wp-json\/wp\/v2\/tags?post=2263"}],"curies":[{"name":"wp","href":"https:\/\/api.w.org\/{rel}","templated":true}]}}