{"id":368,"date":"2019-12-26T13:15:36","date_gmt":"2019-12-26T12:15:36","guid":{"rendered":"http:\/\/localhost:8080\/inp2020\/?p=368"},"modified":"2021-12-11T14:09:54","modified_gmt":"2021-12-11T13:09:54","slug":"musee-national-du-bardo","status":"publish","type":"post","link":"https:\/\/www.inp2020.tn\/ar\/2019\/12\/26\/musee-national-du-bardo\/","title":{"rendered":"\u0627\u0644\u0645\u0640\u0640\u0640\u0640\u062a\u062d\u0641 \u0627\u0644\u0640\u0640\u0640\u0648\u0637\u0646\u064a \u0628\u0628\u0640\u0640\u0640\u0627\u0631\u062f\u0648"},"content":{"rendered":"\u0623\u062d\u062f\u062b \u0647\u0630\u0627 \u0627\u0644\u0645\u062a\u062d\u0641 \u0633\u0646\u0629\u00a01882\u00a0\u0648\u062a\u0645 \u062a\u062f\u0634\u064a\u0646\u0647 \u0633\u0646\u0629\u00a01888\u00a0\u062a\u062d\u062a \u0627\u0633\u0645 \u0627\u0644\u0645\u062a\u062d\u0641 \u0627\u0644\u0639\u0644\u0648\u064a\u060c \u0648\u0641\u064a \u0633\u0646\u0629\u00a01956\u060c \u062a\u0627\u0631\u064a\u062e \u0627\u0633\u062a\u0642\u0644\u0627\u0644 \u062a\u0648\u0646\u0633\u060c \u0623\u0637\u0644\u0642 \u0639\u0644\u064a\u0647 \u0627\u0633\u0645 \u0627\u0644\u0645\u062a\u062d\u0641 \u0627\u0644\u0648\u0637\u0646\u064a \u0628\u0628\u0627\u0631\u062f\u0648. \u0635\u0646\u0641 \u0643\u0645\u0639\u0644\u0645 \u062a\u0627\u0631\u064a\u062e\u064a \u0641\u064a \u0633\u0628\u062a\u0645\u0628\u0631\u00a01985. \u0627\u0644\u0645\u0640\u0640\u0640\u062a\u062d\u0641 \u0627\u0644\u0639\u0644\u0640\u0640\u0640\u0640\u0648\u064a \u062f\u0627\u0631 \u0627\u0644\u0628\u0640\u0640\u0627\u064a \u0623\u0645\u0633 \u0642\u0635\u0631 \u0628\u0627\u0631\u062f\u0648 \u0647\u0648 \u0627\u062d\u062f \u0642\u0635\u0648\u0631 \u0627\u0644\u0628\u0627\u064a\u0627\u062a \u0628\u0646\u064a \u0641\u064a \u0627\u0644\u0642\u0631\u0646 \u0627\u0644\u062a\u0627\u0633\u0639 \u0639\u0634\u0631 \u0645\u0646\u0630 \u0639\u0647\u062f \u0627\u0644\u062f\u0648\u0644\u0629 \u0627\u0644\u062d\u0641\u0635\u064a\u0629 \u0648\u0647\u0648 \u0639\u0628\u0627\u0631\u0629 \u0639\u0644\u0649 \u0628\u0633\u0627\u062a\u064a\u0646 \u0648\u0642\u0635\u0648\u0631 <a href=\"https:\/\/www.inp2020.tn\/ar\/2019\/12\/26\/musee-national-du-bardo\/\" class=\"more-link\">(\u0627\u0644\u0645\u0632\u064a\u062f&hellip;)<\/a>","protected":false},"excerpt":{"rendered":"<p>\u0639\u0641\u0648\u0627\u060c \u0647\u0630\u0647 \u0627\u0644\u0645\u062f\u062e\u0644\u0629 \u0645\u0648\u062c\u0648\u062f\u0629 \u0641\u0642\u0637 \u0641\u064a Fran\u00e7ais. (\u0627\u0644\u0645\u0632\u064a\u062f&hellip;)<\/p>\n","protected":false},"author":1,"featured_media":426,"comment_status":"open","ping_status":"closed","sticky":false,"template":"","format":"standard","meta":{"_uf_show_specific_survey":0,"_uf_disable_surveys":false,"footnotes":""},"categories":[5],"tags":[6,8,42,31,44,7,43,30],"class_list":["post-368","post","type-post","status-publish","format-standard","has-post-thumbnail","hentry","category-museum","tag-musee-national-du-bardo","tag-national-bardo-museum","tag-texte-de-la-bilingue-dite-de-massinissa-d-r-mansour-ghaki","tag-texte-mouna-hermassi","tag-texte-prehistoire-dr-nabiha-aouadi","tag-7","tag-43","tag-30"],"yoast_head":"<!-- This site is optimized with the Yoast SEO plugin v27.4 - https:\/\/yoast.com\/product\/yoast-seo-wordpress\/ -->\n<title>\u0627\u0644\u0645\u0640\u0640\u0640\u0640\u062a\u062d\u0641 \u0627\u0644\u0640\u0640\u0640\u0648\u0637\u0646\u064a \u0628\u0628\u0640\u0640\u0640\u0627\u0631\u062f\u0648 - INP \u0627\u0644\u0645\u0639\u0647\u062f \u0627\u0644\u0648\u0637\u0646\u064a \u0644\u0644\u062a\u0631\u0627\u062b<\/title>\n<meta name=\"description\" content=\"\u0627\u0644\u0645\u0640\u0640\u0640\u0640\u062a\u062d\u0641 \u0627\u0644\u0640\u0640\u0640\u0648\u0637\u0646\u064a \u0628\u0628\u0640\u0640\u0640\u0627\u0631\u062f\u0648 Mus\u00e9e National du Bardo \u0627\u0644\u0645\u0640\u0640\u0640\u0640\u062a\u062d\u0641 \u0627\u0644\u0640\u0640\u0640\u0648\u0637\u0646\u064a \u0628\u0628\u0640\u0640\u0640\u0627\u0631\u062f\u0648\" \/>\n<meta name=\"robots\" content=\"index, follow, max-snippet:-1, max-image-preview:large, max-video-preview:-1\" \/>\n<link rel=\"canonical\" href=\"https:\/\/www.inp2020.tn\/ar\/2019\/12\/26\/musee-national-du-bardo\/\" \/>\n<meta property=\"og:locale\" content=\"ar_AR\" \/>\n<meta property=\"og:type\" content=\"article\" \/>\n<meta property=\"og:title\" content=\"\u0627\u0644\u0645\u0640\u0640\u0640\u0640\u062a\u062d\u0641 \u0627\u0644\u0640\u0640\u0640\u0648\u0637\u0646\u064a \u0628\u0628\u0640\u0640\u0640\u0627\u0631\u062f\u0648 Mus\u00e9e National du Bardo\" \/>\n<meta property=\"og:description\" content=\"Le Bardo ... Il \u00e9tait une fois un palais\u2026Ce palais qui \u00e9tait \u00e0 l\u2019origine un parc de plaisance hafside, devient la r\u00e9sidence officielle du bey avec les Mouradites et sous les Husaynites.Il constitue un ensemble de b\u00e2timents pr\u00e9sentant de divers dimensions et styles, construits par les diff\u00e9rents beys Mouradites et Husaynites. Il \u00e9tait habit\u00e9 par le Bey, son harem, sa famille et ses serviteurs ; y r\u00e9sident \u00e9galement de nombreux pages, gardes, janissaires et m\u00eame des fonctionnaires ; Il constituait une v\u00e9ritable cit\u00e9 administrative.\" \/>\n<meta property=\"og:url\" content=\"https:\/\/www.inp2020.tn\/ar\/2019\/12\/26\/musee-national-du-bardo\/\" \/>\n<meta property=\"og:site_name\" content=\"INP \u0627\u0644\u0645\u0639\u0647\u062f \u0627\u0644\u0648\u0637\u0646\u064a \u0644\u0644\u062a\u0631\u0627\u062b\" \/>\n<meta property=\"article:publisher\" content=\"https:\/\/www.facebook.com\/Inp.Institut.National.Du.Patrimoine\/\" \/>\n<meta property=\"article:author\" content=\"https:\/\/www.facebook.com\/ali.dabb.39\/\" \/>\n<meta property=\"article:published_time\" content=\"2019-12-26T12:15:36+00:00\" \/>\n<meta property=\"article:modified_time\" content=\"2021-12-11T13:09:54+00:00\" \/>\n<meta property=\"og:image\" content=\"https:\/\/www.inp2020.tn\/wp-content\/uploads\/2020\/01\/brdimage44.jpg\" \/>\n\t<meta property=\"og:image:width\" content=\"425\" \/>\n\t<meta property=\"og:image:height\" content=\"422\" \/>\n\t<meta property=\"og:image:type\" content=\"image\/jpeg\" \/>\n<meta name=\"author\" content=\"Ali DABBAGHI\" \/>\n<meta name=\"twitter:card\" content=\"summary_large_image\" \/>\n<meta name=\"twitter:title\" content=\"\u0627\u0644\u0645\u0640\u0640\u0640\u0640\u062a\u062d\u0641 \u0627\u0644\u0640\u0640\u0640\u0648\u0637\u0646\u064a \u0628\u0628\u0640\u0640\u0640\u0627\u0631\u062f\u0648 Mus\u00e9e National du Bardo\" \/>\n<meta name=\"twitter:description\" content=\"Le Bardo ... Il \u00e9tait une fois un palais\u2026Ce palais qui \u00e9tait \u00e0 l\u2019origine un parc de plaisance hafside, devient la r\u00e9sidence officielle du bey avec les Mouradites et sous les Husaynites.Il constitue un ensemble de b\u00e2timents pr\u00e9sentant de divers dimensions et styles, construits par les diff\u00e9rents beys Mouradites et Husaynites. Il \u00e9tait habit\u00e9 par le Bey, son harem, sa famille et ses serviteurs ; y r\u00e9sident \u00e9galement de nombreux pages, gardes, janissaires et m\u00eame des fonctionnaires ; Il constituait une v\u00e9ritable cit\u00e9 administrative.\" \/>\n<meta name=\"twitter:image\" content=\"https:\/\/www.inp2020.tn\/wp-content\/uploads\/2020\/01\/brdimage44.jpg\" \/>\n<meta name=\"twitter:label1\" content=\"\u0643\u064f\u062a\u0628 \u0628\u0648\u0627\u0633\u0637\u0629\" \/>\n\t<meta name=\"twitter:data1\" content=\"Ali DABBAGHI\" \/>\n\t<meta name=\"twitter:label2\" content=\"\u0648\u0642\u062a \u0627\u0644\u0642\u0631\u0627\u0621\u0629 \u0627\u0644\u0645\u064f\u0642\u062f\u0651\u0631\" \/>\n\t<meta name=\"twitter:data2\" content=\"45 \u062f\u0642\u064a\u0642\u0629\" \/>\n<script type=\"application\/ld+json\" class=\"yoast-schema-graph\">{\"@context\":\"https:\\\/\\\/schema.org\",\"@graph\":[{\"@type\":\"Article\",\"@id\":\"https:\\\/\\\/www.inp2020.tn\\\/ar\\\/2019\\\/12\\\/26\\\/musee-national-du-bardo\\\/#article\",\"isPartOf\":{\"@id\":\"https:\\\/\\\/www.inp2020.tn\\\/ar\\\/2019\\\/12\\\/26\\\/musee-national-du-bardo\\\/\"},\"author\":{\"name\":\"Ali DABBAGHI\",\"@id\":\"https:\\\/\\\/www.inp2020.tn\\\/#\\\/schema\\\/person\\\/bd2f4dd60a7cd9b2beaa801ddc3457a8\"},\"headline\":\"\u0627\u0644\u0645\u0640\u0640\u0640\u0640\u062a\u062d\u0641 \u0627\u0644\u0640\u0640\u0640\u0648\u0637\u0646\u064a \u0628\u0628\u0640\u0640\u0640\u0627\u0631\u062f\u0648\",\"datePublished\":\"2019-12-26T12:15:36+00:00\",\"dateModified\":\"2021-12-11T13:09:54+00:00\",\"mainEntityOfPage\":{\"@id\":\"https:\\\/\\\/www.inp2020.tn\\\/ar\\\/2019\\\/12\\\/26\\\/musee-national-du-bardo\\\/\"},\"wordCount\":9077,\"commentCount\":0,\"publisher\":{\"@id\":\"https:\\\/\\\/www.inp2020.tn\\\/#organization\"},\"image\":{\"@id\":\"https:\\\/\\\/www.inp2020.tn\\\/ar\\\/2019\\\/12\\\/26\\\/musee-national-du-bardo\\\/#primaryimage\"},\"thumbnailUrl\":\"https:\\\/\\\/www.inp2020.tn\\\/wp-content\\\/uploads\\\/2019\\\/12\\\/brdimage51-1.jpg\",\"keywords\":[\"Mus\u00e9e National du Bardo\",\"National Bardo Museum\",\"Texte de La bilingue dite de Massinissa D. R. Mansour Ghaki\",\"texte Mouna Hermassi\",\"Texte Pr\u00e9histoire Dr. Nabiha Aouadi\",\"\u0627\u0644\u0645\u0640\u0640\u0640\u0640\u062a\u062d\u0641 \u0627\u0644\u0640\u0640\u0640\u0648\u0637\u0646\u064a \u0628\u0628\u0640\u0640\u0640\u0627\u0631\u062f\u0648\",\"\u0646\u0635 \u0645\u0627\u0642\u0628\u0644 \u0627\u0644\u062a\u0627\u0631\u064a\u062e \u0644\u0644\u0628\u0627\u062d\u062b\u0629 \u0646\u0628\u064a\u0647\u0629 \u0639\u0648\u0627\u062f\u064a\",\"\u0646\u0635 \u0645\u062d\u0628\u0648\u0628\u0629 \u0627\u0644\u064a\u062d\u064a\u0627\u0648\u064a\"],\"articleSection\":[\"\u0627\u0644\u0645\u062a\u0627\u062d\u0641\"],\"inLanguage\":\"ar\",\"potentialAction\":[{\"@type\":\"CommentAction\",\"name\":\"Comment\",\"target\":[\"https:\\\/\\\/www.inp2020.tn\\\/ar\\\/2019\\\/12\\\/26\\\/musee-national-du-bardo\\\/#respond\"]}]},{\"@type\":\"WebPage\",\"@id\":\"https:\\\/\\\/www.inp2020.tn\\\/ar\\\/2019\\\/12\\\/26\\\/musee-national-du-bardo\\\/\",\"url\":\"https:\\\/\\\/www.inp2020.tn\\\/ar\\\/2019\\\/12\\\/26\\\/musee-national-du-bardo\\\/\",\"name\":\"\u0627\u0644\u0645\u0640\u0640\u0640\u0640\u062a\u062d\u0641 \u0627\u0644\u0640\u0640\u0640\u0648\u0637\u0646\u064a \u0628\u0628\u0640\u0640\u0640\u0627\u0631\u062f\u0648 - INP \u0627\u0644\u0645\u0639\u0647\u062f \u0627\u0644\u0648\u0637\u0646\u064a \u0644\u0644\u062a\u0631\u0627\u062b\",\"isPartOf\":{\"@id\":\"https:\\\/\\\/www.inp2020.tn\\\/#website\"},\"primaryImageOfPage\":{\"@id\":\"https:\\\/\\\/www.inp2020.tn\\\/ar\\\/2019\\\/12\\\/26\\\/musee-national-du-bardo\\\/#primaryimage\"},\"image\":{\"@id\":\"https:\\\/\\\/www.inp2020.tn\\\/ar\\\/2019\\\/12\\\/26\\\/musee-national-du-bardo\\\/#primaryimage\"},\"thumbnailUrl\":\"https:\\\/\\\/www.inp2020.tn\\\/wp-content\\\/uploads\\\/2019\\\/12\\\/brdimage51-1.jpg\",\"datePublished\":\"2019-12-26T12:15:36+00:00\",\"dateModified\":\"2021-12-11T13:09:54+00:00\",\"description\":\"\u0627\u0644\u0645\u0640\u0640\u0640\u0640\u062a\u062d\u0641 \u0627\u0644\u0640\u0640\u0640\u0648\u0637\u0646\u064a \u0628\u0628\u0640\u0640\u0640\u0627\u0631\u062f\u0648 Mus\u00e9e National du Bardo \u0627\u0644\u0645\u0640\u0640\u0640\u0640\u062a\u062d\u0641 \u0627\u0644\u0640\u0640\u0640\u0648\u0637\u0646\u064a \u0628\u0628\u0640\u0640\u0640\u0627\u0631\u062f\u0648\",\"breadcrumb\":{\"@id\":\"https:\\\/\\\/www.inp2020.tn\\\/ar\\\/2019\\\/12\\\/26\\\/musee-national-du-bardo\\\/#breadcrumb\"},\"inLanguage\":\"ar\",\"potentialAction\":[{\"@type\":\"ReadAction\",\"target\":[\"https:\\\/\\\/www.inp2020.tn\\\/ar\\\/2019\\\/12\\\/26\\\/musee-national-du-bardo\\\/\"]}]},{\"@type\":\"ImageObject\",\"inLanguage\":\"ar\",\"@id\":\"https:\\\/\\\/www.inp2020.tn\\\/ar\\\/2019\\\/12\\\/26\\\/musee-national-du-bardo\\\/#primaryimage\",\"url\":\"https:\\\/\\\/www.inp2020.tn\\\/wp-content\\\/uploads\\\/2019\\\/12\\\/brdimage51-1.jpg\",\"contentUrl\":\"https:\\\/\\\/www.inp2020.tn\\\/wp-content\\\/uploads\\\/2019\\\/12\\\/brdimage51-1.jpg\",\"width\":425,\"height\":181},{\"@type\":\"BreadcrumbList\",\"@id\":\"https:\\\/\\\/www.inp2020.tn\\\/ar\\\/2019\\\/12\\\/26\\\/musee-national-du-bardo\\\/#breadcrumb\",\"itemListElement\":[{\"@type\":\"ListItem\",\"position\":1,\"name\":\"Home\",\"item\":\"https:\\\/\\\/www.inp2020.tn\\\/\"},{\"@type\":\"ListItem\",\"position\":2,\"name\":\"\u0627\u0644\u0645\u0640\u0640\u0640\u0640\u062a\u062d\u0641 \u0627\u0644\u0640\u0640\u0640\u0648\u0637\u0646\u064a \u0628\u0628\u0640\u0640\u0640\u0627\u0631\u062f\u0648\"}]},{\"@type\":\"WebSite\",\"@id\":\"https:\\\/\\\/www.inp2020.tn\\\/#website\",\"url\":\"https:\\\/\\\/www.inp2020.tn\\\/\",\"name\":\"INP \u0627\u0644\u0645\u0639\u0647\u062f \u0627\u0644\u0648\u0637\u0646\u064a \u0644\u0644\u062a\u0631\u0627\u062b\",\"description\":\"Patrimoine Culturel \u062a\u0631\u0627\u062b \u062b\u0642\u0627\u0641\u064a\",\"publisher\":{\"@id\":\"https:\\\/\\\/www.inp2020.tn\\\/#organization\"},\"potentialAction\":[{\"@type\":\"SearchAction\",\"target\":{\"@type\":\"EntryPoint\",\"urlTemplate\":\"https:\\\/\\\/www.inp2020.tn\\\/?s={search_term_string}\"},\"query-input\":{\"@type\":\"PropertyValueSpecification\",\"valueRequired\":true,\"valueName\":\"search_term_string\"}}],\"inLanguage\":\"ar\"},{\"@type\":\"Organization\",\"@id\":\"https:\\\/\\\/www.inp2020.tn\\\/#organization\",\"name\":\"Institut National du Patrimoine - Tunisie\",\"url\":\"https:\\\/\\\/www.inp2020.tn\\\/\",\"logo\":{\"@type\":\"ImageObject\",\"inLanguage\":\"ar\",\"@id\":\"https:\\\/\\\/www.inp2020.tn\\\/#\\\/schema\\\/logo\\\/image\\\/\",\"url\":\"http:\\\/\\\/www.inp2020.tn\\\/wp-content\\\/uploads\\\/2019\\\/12\\\/logo-inp-e1612522185676.jpg\",\"contentUrl\":\"http:\\\/\\\/www.inp2020.tn\\\/wp-content\\\/uploads\\\/2019\\\/12\\\/logo-inp-e1612522185676.jpg\",\"width\":75,\"height\":75,\"caption\":\"Institut National du Patrimoine - Tunisie\"},\"image\":{\"@id\":\"https:\\\/\\\/www.inp2020.tn\\\/#\\\/schema\\\/logo\\\/image\\\/\"},\"sameAs\":[\"https:\\\/\\\/www.facebook.com\\\/Inp.Institut.National.Du.Patrimoine\\\/\"]},{\"@type\":\"Person\",\"@id\":\"https:\\\/\\\/www.inp2020.tn\\\/#\\\/schema\\\/person\\\/bd2f4dd60a7cd9b2beaa801ddc3457a8\",\"name\":\"Ali DABBAGHI\",\"image\":{\"@type\":\"ImageObject\",\"inLanguage\":\"ar\",\"@id\":\"https:\\\/\\\/secure.gravatar.com\\\/avatar\\\/432af6f4f809c18faaf19a936a481c5d5f152b5f7eb7c93a86afa9a18f2ab991?s=96&d=mm&r=g\",\"url\":\"https:\\\/\\\/secure.gravatar.com\\\/avatar\\\/432af6f4f809c18faaf19a936a481c5d5f152b5f7eb7c93a86afa9a18f2ab991?s=96&d=mm&r=g\",\"contentUrl\":\"https:\\\/\\\/secure.gravatar.com\\\/avatar\\\/432af6f4f809c18faaf19a936a481c5d5f152b5f7eb7c93a86afa9a18f2ab991?s=96&d=mm&r=g\",\"caption\":\"Ali DABBAGHI\"},\"description\":\"Ing\u00e9nieur G\u00e9n\u00e9ral sp\u00e9cialiste des syst\u00e8mes d'information et de communication, \u0645\u0647\u0646\u062f\u0633 \u0639\u0627\u0645 \u0641\u064a \u0646\u0638\u0645 \u0627\u0644\u0645\u0639\u0644\u0648\u0645\u0627\u062a \u0648\u0627\u0644\u0627\u062a\u0635\u0627\u0644\u0627\u062a General Engineer information and communication systems\",\"sameAs\":[\"http:\\\/\\\/www.inp2020.tn\",\"https:\\\/\\\/www.facebook.com\\\/ali.dabb.39\\\/\"],\"url\":\"https:\\\/\\\/www.inp2020.tn\\\/ar\\\/author\\\/admin-2\\\/\"}]}<\/script>\n<!-- \/ Yoast SEO plugin. -->","yoast_head_json":{"title":"\u0627\u0644\u0645\u0640\u0640\u0640\u0640\u062a\u062d\u0641 \u0627\u0644\u0640\u0640\u0640\u0648\u0637\u0646\u064a \u0628\u0628\u0640\u0640\u0640\u0627\u0631\u062f\u0648 - INP \u0627\u0644\u0645\u0639\u0647\u062f \u0627\u0644\u0648\u0637\u0646\u064a \u0644\u0644\u062a\u0631\u0627\u062b","description":"\u0627\u0644\u0645\u0640\u0640\u0640\u0640\u062a\u062d\u0641 \u0627\u0644\u0640\u0640\u0640\u0648\u0637\u0646\u064a \u0628\u0628\u0640\u0640\u0640\u0627\u0631\u062f\u0648 Mus\u00e9e National du Bardo \u0627\u0644\u0645\u0640\u0640\u0640\u0640\u062a\u062d\u0641 \u0627\u0644\u0640\u0640\u0640\u0648\u0637\u0646\u064a \u0628\u0628\u0640\u0640\u0640\u0627\u0631\u062f\u0648","robots":{"index":"index","follow":"follow","max-snippet":"max-snippet:-1","max-image-preview":"max-image-preview:large","max-video-preview":"max-video-preview:-1"},"canonical":"https:\/\/www.inp2020.tn\/ar\/2019\/12\/26\/musee-national-du-bardo\/","og_locale":"ar_AR","og_type":"article","og_title":"\u0627\u0644\u0645\u0640\u0640\u0640\u0640\u062a\u062d\u0641 \u0627\u0644\u0640\u0640\u0640\u0648\u0637\u0646\u064a \u0628\u0628\u0640\u0640\u0640\u0627\u0631\u062f\u0648 Mus\u00e9e National du Bardo","og_description":"Le Bardo ... Il \u00e9tait une fois un palais\u2026Ce palais qui \u00e9tait \u00e0 l\u2019origine un parc de plaisance hafside, devient la r\u00e9sidence officielle du bey avec les Mouradites et sous les Husaynites.Il constitue un ensemble de b\u00e2timents pr\u00e9sentant de divers dimensions et styles, construits par les diff\u00e9rents beys Mouradites et Husaynites. Il \u00e9tait habit\u00e9 par le Bey, son harem, sa famille et ses serviteurs ; y r\u00e9sident \u00e9galement de nombreux pages, gardes, janissaires et m\u00eame des fonctionnaires ; Il constituait une v\u00e9ritable cit\u00e9 administrative.","og_url":"https:\/\/www.inp2020.tn\/ar\/2019\/12\/26\/musee-national-du-bardo\/","og_site_name":"INP \u0627\u0644\u0645\u0639\u0647\u062f \u0627\u0644\u0648\u0637\u0646\u064a \u0644\u0644\u062a\u0631\u0627\u062b","article_publisher":"https:\/\/www.facebook.com\/Inp.Institut.National.Du.Patrimoine\/","article_author":"https:\/\/www.facebook.com\/ali.dabb.39\/","article_published_time":"2019-12-26T12:15:36+00:00","article_modified_time":"2021-12-11T13:09:54+00:00","og_image":[{"width":425,"height":422,"url":"https:\/\/www.inp2020.tn\/wp-content\/uploads\/2020\/01\/brdimage44.jpg","type":"image\/jpeg"}],"author":"Ali DABBAGHI","twitter_card":"summary_large_image","twitter_title":"\u0627\u0644\u0645\u0640\u0640\u0640\u0640\u062a\u062d\u0641 \u0627\u0644\u0640\u0640\u0640\u0648\u0637\u0646\u064a \u0628\u0628\u0640\u0640\u0640\u0627\u0631\u062f\u0648 Mus\u00e9e National du Bardo","twitter_description":"Le Bardo ... Il \u00e9tait une fois un palais\u2026Ce palais qui \u00e9tait \u00e0 l\u2019origine un parc de plaisance hafside, devient la r\u00e9sidence officielle du bey avec les Mouradites et sous les Husaynites.Il constitue un ensemble de b\u00e2timents pr\u00e9sentant de divers dimensions et styles, construits par les diff\u00e9rents beys Mouradites et Husaynites. Il \u00e9tait habit\u00e9 par le Bey, son harem, sa famille et ses serviteurs ; y r\u00e9sident \u00e9galement de nombreux pages, gardes, janissaires et m\u00eame des fonctionnaires ; Il constituait une v\u00e9ritable cit\u00e9 administrative.","twitter_image":"https:\/\/www.inp2020.tn\/wp-content\/uploads\/2020\/01\/brdimage44.jpg","twitter_misc":{"\u0643\u064f\u062a\u0628 \u0628\u0648\u0627\u0633\u0637\u0629":"Ali DABBAGHI","\u0648\u0642\u062a \u0627\u0644\u0642\u0631\u0627\u0621\u0629 \u0627\u0644\u0645\u064f\u0642\u062f\u0651\u0631":"45 \u062f\u0642\u064a\u0642\u0629"},"schema":{"@context":"https:\/\/schema.org","@graph":[{"@type":"Article","@id":"https:\/\/www.inp2020.tn\/ar\/2019\/12\/26\/musee-national-du-bardo\/#article","isPartOf":{"@id":"https:\/\/www.inp2020.tn\/ar\/2019\/12\/26\/musee-national-du-bardo\/"},"author":{"name":"Ali DABBAGHI","@id":"https:\/\/www.inp2020.tn\/#\/schema\/person\/bd2f4dd60a7cd9b2beaa801ddc3457a8"},"headline":"\u0627\u0644\u0645\u0640\u0640\u0640\u0640\u062a\u062d\u0641 \u0627\u0644\u0640\u0640\u0640\u0648\u0637\u0646\u064a \u0628\u0628\u0640\u0640\u0640\u0627\u0631\u062f\u0648","datePublished":"2019-12-26T12:15:36+00:00","dateModified":"2021-12-11T13:09:54+00:00","mainEntityOfPage":{"@id":"https:\/\/www.inp2020.tn\/ar\/2019\/12\/26\/musee-national-du-bardo\/"},"wordCount":9077,"commentCount":0,"publisher":{"@id":"https:\/\/www.inp2020.tn\/#organization"},"image":{"@id":"https:\/\/www.inp2020.tn\/ar\/2019\/12\/26\/musee-national-du-bardo\/#primaryimage"},"thumbnailUrl":"https:\/\/www.inp2020.tn\/wp-content\/uploads\/2019\/12\/brdimage51-1.jpg","keywords":["Mus\u00e9e National du Bardo","National Bardo Museum","Texte de La bilingue dite de Massinissa D. R. Mansour Ghaki","texte Mouna Hermassi","Texte Pr\u00e9histoire Dr. Nabiha Aouadi","\u0627\u0644\u0645\u0640\u0640\u0640\u0640\u062a\u062d\u0641 \u0627\u0644\u0640\u0640\u0640\u0648\u0637\u0646\u064a \u0628\u0628\u0640\u0640\u0640\u0627\u0631\u062f\u0648","\u0646\u0635 \u0645\u0627\u0642\u0628\u0644 \u0627\u0644\u062a\u0627\u0631\u064a\u062e \u0644\u0644\u0628\u0627\u062d\u062b\u0629 \u0646\u0628\u064a\u0647\u0629 \u0639\u0648\u0627\u062f\u064a","\u0646\u0635 \u0645\u062d\u0628\u0648\u0628\u0629 \u0627\u0644\u064a\u062d\u064a\u0627\u0648\u064a"],"articleSection":["\u0627\u0644\u0645\u062a\u0627\u062d\u0641"],"inLanguage":"ar","potentialAction":[{"@type":"CommentAction","name":"Comment","target":["https:\/\/www.inp2020.tn\/ar\/2019\/12\/26\/musee-national-du-bardo\/#respond"]}]},{"@type":"WebPage","@id":"https:\/\/www.inp2020.tn\/ar\/2019\/12\/26\/musee-national-du-bardo\/","url":"https:\/\/www.inp2020.tn\/ar\/2019\/12\/26\/musee-national-du-bardo\/","name":"\u0627\u0644\u0645\u0640\u0640\u0640\u0640\u062a\u062d\u0641 \u0627\u0644\u0640\u0640\u0640\u0648\u0637\u0646\u064a \u0628\u0628\u0640\u0640\u0640\u0627\u0631\u062f\u0648 - INP \u0627\u0644\u0645\u0639\u0647\u062f \u0627\u0644\u0648\u0637\u0646\u064a \u0644\u0644\u062a\u0631\u0627\u062b","isPartOf":{"@id":"https:\/\/www.inp2020.tn\/#website"},"primaryImageOfPage":{"@id":"https:\/\/www.inp2020.tn\/ar\/2019\/12\/26\/musee-national-du-bardo\/#primaryimage"},"image":{"@id":"https:\/\/www.inp2020.tn\/ar\/2019\/12\/26\/musee-national-du-bardo\/#primaryimage"},"thumbnailUrl":"https:\/\/www.inp2020.tn\/wp-content\/uploads\/2019\/12\/brdimage51-1.jpg","datePublished":"2019-12-26T12:15:36+00:00","dateModified":"2021-12-11T13:09:54+00:00","description":"\u0627\u0644\u0645\u0640\u0640\u0640\u0640\u062a\u062d\u0641 \u0627\u0644\u0640\u0640\u0640\u0648\u0637\u0646\u064a \u0628\u0628\u0640\u0640\u0640\u0627\u0631\u062f\u0648 Mus\u00e9e National du Bardo \u0627\u0644\u0645\u0640\u0640\u0640\u0640\u062a\u062d\u0641 \u0627\u0644\u0640\u0640\u0640\u0648\u0637\u0646\u064a \u0628\u0628\u0640\u0640\u0640\u0627\u0631\u062f\u0648","breadcrumb":{"@id":"https:\/\/www.inp2020.tn\/ar\/2019\/12\/26\/musee-national-du-bardo\/#breadcrumb"},"inLanguage":"ar","potentialAction":[{"@type":"ReadAction","target":["https:\/\/www.inp2020.tn\/ar\/2019\/12\/26\/musee-national-du-bardo\/"]}]},{"@type":"ImageObject","inLanguage":"ar","@id":"https:\/\/www.inp2020.tn\/ar\/2019\/12\/26\/musee-national-du-bardo\/#primaryimage","url":"https:\/\/www.inp2020.tn\/wp-content\/uploads\/2019\/12\/brdimage51-1.jpg","contentUrl":"https:\/\/www.inp2020.tn\/wp-content\/uploads\/2019\/12\/brdimage51-1.jpg","width":425,"height":181},{"@type":"BreadcrumbList","@id":"https:\/\/www.inp2020.tn\/ar\/2019\/12\/26\/musee-national-du-bardo\/#breadcrumb","itemListElement":[{"@type":"ListItem","position":1,"name":"Home","item":"https:\/\/www.inp2020.tn\/"},{"@type":"ListItem","position":2,"name":"\u0627\u0644\u0645\u0640\u0640\u0640\u0640\u062a\u062d\u0641 \u0627\u0644\u0640\u0640\u0640\u0648\u0637\u0646\u064a \u0628\u0628\u0640\u0640\u0640\u0627\u0631\u062f\u0648"}]},{"@type":"WebSite","@id":"https:\/\/www.inp2020.tn\/#website","url":"https:\/\/www.inp2020.tn\/","name":"INP \u0627\u0644\u0645\u0639\u0647\u062f \u0627\u0644\u0648\u0637\u0646\u064a \u0644\u0644\u062a\u0631\u0627\u062b","description":"Patrimoine Culturel \u062a\u0631\u0627\u062b \u062b\u0642\u0627\u0641\u064a","publisher":{"@id":"https:\/\/www.inp2020.tn\/#organization"},"potentialAction":[{"@type":"SearchAction","target":{"@type":"EntryPoint","urlTemplate":"https:\/\/www.inp2020.tn\/?s={search_term_string}"},"query-input":{"@type":"PropertyValueSpecification","valueRequired":true,"valueName":"search_term_string"}}],"inLanguage":"ar"},{"@type":"Organization","@id":"https:\/\/www.inp2020.tn\/#organization","name":"Institut National du Patrimoine - Tunisie","url":"https:\/\/www.inp2020.tn\/","logo":{"@type":"ImageObject","inLanguage":"ar","@id":"https:\/\/www.inp2020.tn\/#\/schema\/logo\/image\/","url":"http:\/\/www.inp2020.tn\/wp-content\/uploads\/2019\/12\/logo-inp-e1612522185676.jpg","contentUrl":"http:\/\/www.inp2020.tn\/wp-content\/uploads\/2019\/12\/logo-inp-e1612522185676.jpg","width":75,"height":75,"caption":"Institut National du Patrimoine - Tunisie"},"image":{"@id":"https:\/\/www.inp2020.tn\/#\/schema\/logo\/image\/"},"sameAs":["https:\/\/www.facebook.com\/Inp.Institut.National.Du.Patrimoine\/"]},{"@type":"Person","@id":"https:\/\/www.inp2020.tn\/#\/schema\/person\/bd2f4dd60a7cd9b2beaa801ddc3457a8","name":"Ali DABBAGHI","image":{"@type":"ImageObject","inLanguage":"ar","@id":"https:\/\/secure.gravatar.com\/avatar\/432af6f4f809c18faaf19a936a481c5d5f152b5f7eb7c93a86afa9a18f2ab991?s=96&d=mm&r=g","url":"https:\/\/secure.gravatar.com\/avatar\/432af6f4f809c18faaf19a936a481c5d5f152b5f7eb7c93a86afa9a18f2ab991?s=96&d=mm&r=g","contentUrl":"https:\/\/secure.gravatar.com\/avatar\/432af6f4f809c18faaf19a936a481c5d5f152b5f7eb7c93a86afa9a18f2ab991?s=96&d=mm&r=g","caption":"Ali DABBAGHI"},"description":"Ing\u00e9nieur G\u00e9n\u00e9ral sp\u00e9cialiste des syst\u00e8mes d'information et de communication, \u0645\u0647\u0646\u062f\u0633 \u0639\u0627\u0645 \u0641\u064a \u0646\u0638\u0645 \u0627\u0644\u0645\u0639\u0644\u0648\u0645\u0627\u062a \u0648\u0627\u0644\u0627\u062a\u0635\u0627\u0644\u0627\u062a General Engineer information and communication systems","sameAs":["http:\/\/www.inp2020.tn","https:\/\/www.facebook.com\/ali.dabb.39\/"],"url":"https:\/\/www.inp2020.tn\/ar\/author\/admin-2\/"}]}},"_links":{"self":[{"href":"https:\/\/www.inp2020.tn\/ar\/wp-json\/wp\/v2\/posts\/368","targetHints":{"allow":["GET"]}}],"collection":[{"href":"https:\/\/www.inp2020.tn\/ar\/wp-json\/wp\/v2\/posts"}],"about":[{"href":"https:\/\/www.inp2020.tn\/ar\/wp-json\/wp\/v2\/types\/post"}],"author":[{"embeddable":true,"href":"https:\/\/www.inp2020.tn\/ar\/wp-json\/wp\/v2\/users\/1"}],"replies":[{"embeddable":true,"href":"https:\/\/www.inp2020.tn\/ar\/wp-json\/wp\/v2\/comments?post=368"}],"version-history":[{"count":44,"href":"https:\/\/www.inp2020.tn\/ar\/wp-json\/wp\/v2\/posts\/368\/revisions"}],"predecessor-version":[{"id":1191,"href":"https:\/\/www.inp2020.tn\/ar\/wp-json\/wp\/v2\/posts\/368\/revisions\/1191"}],"wp:featuredmedia":[{"embeddable":true,"href":"https:\/\/www.inp2020.tn\/ar\/wp-json\/wp\/v2\/media\/426"}],"wp:attachment":[{"href":"https:\/\/www.inp2020.tn\/ar\/wp-json\/wp\/v2\/media?parent=368"}],"wp:term":[{"taxonomy":"category","embeddable":true,"href":"https:\/\/www.inp2020.tn\/ar\/wp-json\/wp\/v2\/categories?post=368"},{"taxonomy":"post_tag","embeddable":true,"href":"https:\/\/www.inp2020.tn\/ar\/wp-json\/wp\/v2\/tags?post=368"}],"curies":[{"name":"wp","href":"https:\/\/api.w.org\/{rel}","templated":true}]}}