{"id":13847,"date":"2025-11-21T17:14:42","date_gmt":"2025-11-21T16:14:42","guid":{"rendered":"https:\/\/www.inp2020.tn\/?p=13847"},"modified":"2025-11-21T18:08:20","modified_gmt":"2025-11-21T17:08:20","slug":"_medina_sousse_soutien_artisant","status":"publish","type":"post","link":"https:\/\/www.inp2020.tn\/en\/2025\/11\/21\/_medina_sousse_soutien_artisant\/","title":{"rendered":"medina of sousse &#8211; supporting the craft sector"},"content":{"rendered":"Since November 2023, the National Heritage Institute, in partnership with the UNESCO Regional Office for the Maghreb countries and with the support of the municipality of Sousse and the National Crafts Office, has launched the implementation of a project financed by the Japanese Development Fund, which aims to integrate conservation <a href=\"https:\/\/www.inp2020.tn\/en\/2025\/11\/21\/_medina_sousse_soutien_artisant\/\" class=\"more-link\">(more&hellip;)<\/a>","protected":false},"excerpt":{"rendered":"<p>Since November 2023, the National Heritage Institute, in partnership with the UNESCO Regional Office for the Maghreb countries and with the support of the municipality of Sousse and the National Crafts Office, has launched the implementation of a project financed by the Japanese Development Fund, which aims to integrate conservation (more&hellip;)<\/p>\n","protected":false},"author":1,"featured_media":13842,"comment_status":"open","ping_status":"closed","sticky":false,"template":"","format":"standard","meta":{"_uf_show_specific_survey":0,"_uf_disable_surveys":false,"footnotes":""},"categories":[480],"tags":[],"class_list":["post-13847","post","type-post","status-publish","format-standard","has-post-thumbnail","hentry","category-_activites"],"yoast_head":"<!-- This site is optimized with the Yoast SEO plugin v27.5 - https:\/\/yoast.com\/product\/yoast-seo-wordpress\/ -->\n<title>medina of sousse - supporting the craft sector - INP \u0627\u0644\u0645\u0639\u0647\u062f \u0627\u0644\u0648\u0637\u0646\u064a \u0644\u0644\u062a\u0631\u0627\u062b<\/title>\n<meta name=\"description\" content=\"(Fran\u00e7ais) Depuis novembre 2023, l&#039;Institut national du patrimoine, en partenariat avec le Bureau r\u00e9gional de l&#039;UNESCO pour les pays du Maghreb et avec le soutien de la municipalit\u00e9 de Sousse et de l&#039;Office national d&#039;artisant, a lanc\u00e9 la mise en \u0153uvre d&#039;un projet financ\u00e9 par le Fonds japonais de d\u00e9veloppement, qui vise \u00e0 int\u00e9grer les strat\u00e9gies de conservation, le tourisme et les moyens de subsistance locaux dans la gestion du site du patrimoine mondial \u00ab Ville de Sousse \u00bb en soutenant le secteur de l&#039;artisanat, pilier essentiel de la revitalisation de la vieille ville et du renforcement des bases d&#039;un d\u00e9veloppement durable.\" \/>\n<meta name=\"robots\" content=\"index, follow, max-snippet:-1, max-image-preview:large, max-video-preview:-1\" \/>\n<link rel=\"canonical\" href=\"https:\/\/www.inp2020.tn\/2025\/11\/21\/_medina_sousse_soutien_artisant\/\" \/>\n<meta property=\"og:locale\" content=\"en_US\" \/>\n<meta property=\"og:type\" content=\"article\" \/>\n<meta property=\"og:title\" content=\"medina of sousse - supporting the craft sector - INP \u0627\u0644\u0645\u0639\u0647\u062f \u0627\u0644\u0648\u0637\u0646\u064a \u0644\u0644\u062a\u0631\u0627\u062b\" \/>\n<meta property=\"og:description\" content=\"{:fr}Depuis novembre 2023, l&#039;Institut national du patrimoine, en partenariat avec le Bureau r\u00e9gional de l&#039;UNESCO pour les pays du Maghreb et avec le soutien de la municipalit\u00e9 de Sousse et de l&#039;Office national d&#039;artisant, a lanc\u00e9 la mise en \u0153uvre d&#039;un projet financ\u00e9 par le Fonds japonais de d\u00e9veloppement, qui vise \u00e0 int\u00e9grer les strat\u00e9gies de conservation, le tourisme et les moyens de subsistance locaux dans la gestion du site du patrimoine mondial \u00ab Ville de Sousse \u00bb en soutenant le secteur de l&#039;artisanat, pilier essentiel de la revitalisation de la vieille ville et du renforcement des bases d&#039;un d\u00e9veloppement durable.{:}\" \/>\n<meta property=\"og:url\" content=\"https:\/\/www.inp2020.tn\/2025\/11\/21\/_medina_sousse_soutien_artisant\/\" \/>\n<meta property=\"og:site_name\" content=\"INP \u0627\u0644\u0645\u0639\u0647\u062f \u0627\u0644\u0648\u0637\u0646\u064a \u0644\u0644\u062a\u0631\u0627\u062b\" \/>\n<meta property=\"article:publisher\" content=\"https:\/\/www.facebook.com\/Inp.Institut.National.Du.Patrimoine\/\" \/>\n<meta property=\"article:author\" content=\"https:\/\/www.facebook.com\/ali.dabb.39\/\" \/>\n<meta property=\"article:published_time\" content=\"2025-11-21T16:14:42+00:00\" \/>\n<meta property=\"article:modified_time\" content=\"2025-11-21T17:08:20+00:00\" \/>\n<meta property=\"og:image\" content=\"http:\/\/www.inp2020.tn\/wp-content\/uploads\/2025\/11\/expo-dar-el-bey.jpg\" \/>\n\t<meta property=\"og:image:width\" content=\"514\" \/>\n\t<meta property=\"og:image:height\" content=\"720\" \/>\n\t<meta property=\"og:image:type\" content=\"image\/jpeg\" \/>\n<meta name=\"author\" content=\"Ali DABBAGHI\" \/>\n<meta name=\"twitter:card\" content=\"summary_large_image\" \/>\n<meta name=\"twitter:label1\" content=\"Written by\" \/>\n\t<meta name=\"twitter:data1\" content=\"Ali DABBAGHI\" \/>\n\t<meta name=\"twitter:label2\" content=\"Est. reading time\" \/>\n\t<meta name=\"twitter:data2\" content=\"2 minutes\" \/>\n<script type=\"application\/ld+json\" class=\"yoast-schema-graph\">{\"@context\":\"https:\\\/\\\/schema.org\",\"@graph\":[{\"@type\":\"Article\",\"@id\":\"https:\\\/\\\/www.inp2020.tn\\\/2025\\\/11\\\/21\\\/_medina_sousse_soutien_artisant\\\/#article\",\"isPartOf\":{\"@id\":\"https:\\\/\\\/www.inp2020.tn\\\/2025\\\/11\\\/21\\\/_medina_sousse_soutien_artisant\\\/\"},\"author\":{\"name\":\"Ali DABBAGHI\",\"@id\":\"https:\\\/\\\/www.inp2020.tn\\\/#\\\/schema\\\/person\\\/bd2f4dd60a7cd9b2beaa801ddc3457a8\"},\"headline\":\"medina of sousse &#8211; supporting the craft sector\",\"datePublished\":\"2025-11-21T16:14:42+00:00\",\"dateModified\":\"2025-11-21T17:08:20+00:00\",\"mainEntityOfPage\":{\"@id\":\"https:\\\/\\\/www.inp2020.tn\\\/2025\\\/11\\\/21\\\/_medina_sousse_soutien_artisant\\\/\"},\"wordCount\":597,\"commentCount\":0,\"publisher\":{\"@id\":\"https:\\\/\\\/www.inp2020.tn\\\/#organization\"},\"image\":{\"@id\":\"https:\\\/\\\/www.inp2020.tn\\\/2025\\\/11\\\/21\\\/_medina_sousse_soutien_artisant\\\/#primaryimage\"},\"thumbnailUrl\":\"https:\\\/\\\/www.inp2020.tn\\\/wp-content\\\/uploads\\\/2025\\\/11\\\/expo-dar-el-bey.jpg\",\"articleSection\":[\"Activities\"],\"inLanguage\":\"en-US\",\"potentialAction\":[{\"@type\":\"CommentAction\",\"name\":\"Comment\",\"target\":[\"https:\\\/\\\/www.inp2020.tn\\\/2025\\\/11\\\/21\\\/_medina_sousse_soutien_artisant\\\/#respond\"]}]},{\"@type\":\"WebPage\",\"@id\":\"https:\\\/\\\/www.inp2020.tn\\\/2025\\\/11\\\/21\\\/_medina_sousse_soutien_artisant\\\/\",\"url\":\"https:\\\/\\\/www.inp2020.tn\\\/2025\\\/11\\\/21\\\/_medina_sousse_soutien_artisant\\\/\",\"name\":\"medina of sousse - supporting the craft sector - INP \u0627\u0644\u0645\u0639\u0647\u062f \u0627\u0644\u0648\u0637\u0646\u064a \u0644\u0644\u062a\u0631\u0627\u062b\",\"isPartOf\":{\"@id\":\"https:\\\/\\\/www.inp2020.tn\\\/#website\"},\"primaryImageOfPage\":{\"@id\":\"https:\\\/\\\/www.inp2020.tn\\\/2025\\\/11\\\/21\\\/_medina_sousse_soutien_artisant\\\/#primaryimage\"},\"image\":{\"@id\":\"https:\\\/\\\/www.inp2020.tn\\\/2025\\\/11\\\/21\\\/_medina_sousse_soutien_artisant\\\/#primaryimage\"},\"thumbnailUrl\":\"https:\\\/\\\/www.inp2020.tn\\\/wp-content\\\/uploads\\\/2025\\\/11\\\/expo-dar-el-bey.jpg\",\"datePublished\":\"2025-11-21T16:14:42+00:00\",\"dateModified\":\"2025-11-21T17:08:20+00:00\",\"description\":\"{:fr}Depuis novembre 2023, l'Institut national du patrimoine, en partenariat avec le Bureau r\u00e9gional de l'UNESCO pour les pays du Maghreb et avec le soutien de la municipalit\u00e9 de Sousse et de l'Office national d'artisant, a lanc\u00e9 la mise en \u0153uvre d'un projet financ\u00e9 par le Fonds japonais de d\u00e9veloppement, qui vise \u00e0 int\u00e9grer les strat\u00e9gies de conservation, le tourisme et les moyens de subsistance locaux dans la gestion du site du patrimoine mondial \u00ab Ville de Sousse \u00bb en soutenant le secteur de l'artisanat, pilier essentiel de la revitalisation de la vieille ville et du renforcement des bases d'un d\u00e9veloppement durable.{:}\",\"breadcrumb\":{\"@id\":\"https:\\\/\\\/www.inp2020.tn\\\/2025\\\/11\\\/21\\\/_medina_sousse_soutien_artisant\\\/#breadcrumb\"},\"inLanguage\":\"en-US\",\"potentialAction\":[{\"@type\":\"ReadAction\",\"target\":[\"https:\\\/\\\/www.inp2020.tn\\\/2025\\\/11\\\/21\\\/_medina_sousse_soutien_artisant\\\/\"]}]},{\"@type\":\"ImageObject\",\"inLanguage\":\"en-US\",\"@id\":\"https:\\\/\\\/www.inp2020.tn\\\/2025\\\/11\\\/21\\\/_medina_sousse_soutien_artisant\\\/#primaryimage\",\"url\":\"https:\\\/\\\/www.inp2020.tn\\\/wp-content\\\/uploads\\\/2025\\\/11\\\/expo-dar-el-bey.jpg\",\"contentUrl\":\"https:\\\/\\\/www.inp2020.tn\\\/wp-content\\\/uploads\\\/2025\\\/11\\\/expo-dar-el-bey.jpg\",\"width\":514,\"height\":720,\"caption\":\"Medina of Sousse - Craft sector support project\"},{\"@type\":\"BreadcrumbList\",\"@id\":\"https:\\\/\\\/www.inp2020.tn\\\/2025\\\/11\\\/21\\\/_medina_sousse_soutien_artisant\\\/#breadcrumb\",\"itemListElement\":[{\"@type\":\"ListItem\",\"position\":1,\"name\":\"Home\",\"item\":\"https:\\\/\\\/www.inp2020.tn\\\/\"},{\"@type\":\"ListItem\",\"position\":2,\"name\":\"M\u00e9dina de sousse &#8211; soutenant le secteur de l&#8217;artisanat\"}]},{\"@type\":\"WebSite\",\"@id\":\"https:\\\/\\\/www.inp2020.tn\\\/#website\",\"url\":\"https:\\\/\\\/www.inp2020.tn\\\/\",\"name\":\"INP \u0627\u0644\u0645\u0639\u0647\u062f \u0627\u0644\u0648\u0637\u0646\u064a \u0644\u0644\u062a\u0631\u0627\u062b\",\"description\":\"\u0625\u0646 \u0639\u0644\u0645 \u0627\u0644\u0622\u062b\u0627\u0631 \u0647\u0648 \u0623\u0633\u0645\u0649 \u0623\u0646\u0648\u0627\u0639 \u0627\u0644\u0628\u062d\u0648\u062b\",\"publisher\":{\"@id\":\"https:\\\/\\\/www.inp2020.tn\\\/#organization\"},\"potentialAction\":[{\"@type\":\"SearchAction\",\"target\":{\"@type\":\"EntryPoint\",\"urlTemplate\":\"https:\\\/\\\/www.inp2020.tn\\\/?s={search_term_string}\"},\"query-input\":{\"@type\":\"PropertyValueSpecification\",\"valueRequired\":true,\"valueName\":\"search_term_string\"}}],\"inLanguage\":\"en-US\"},{\"@type\":\"Organization\",\"@id\":\"https:\\\/\\\/www.inp2020.tn\\\/#organization\",\"name\":\"Institut National du Patrimoine - Tunisie\",\"url\":\"https:\\\/\\\/www.inp2020.tn\\\/\",\"logo\":{\"@type\":\"ImageObject\",\"inLanguage\":\"en-US\",\"@id\":\"https:\\\/\\\/www.inp2020.tn\\\/#\\\/schema\\\/logo\\\/image\\\/\",\"url\":\"http:\\\/\\\/www.inp2020.tn\\\/wp-content\\\/uploads\\\/2019\\\/12\\\/logo-inp-e1612522185676.jpg\",\"contentUrl\":\"http:\\\/\\\/www.inp2020.tn\\\/wp-content\\\/uploads\\\/2019\\\/12\\\/logo-inp-e1612522185676.jpg\",\"width\":75,\"height\":75,\"caption\":\"Institut National du Patrimoine - Tunisie\"},\"image\":{\"@id\":\"https:\\\/\\\/www.inp2020.tn\\\/#\\\/schema\\\/logo\\\/image\\\/\"},\"sameAs\":[\"https:\\\/\\\/www.facebook.com\\\/Inp.Institut.National.Du.Patrimoine\\\/\"]},{\"@type\":\"Person\",\"@id\":\"https:\\\/\\\/www.inp2020.tn\\\/#\\\/schema\\\/person\\\/bd2f4dd60a7cd9b2beaa801ddc3457a8\",\"name\":\"Ali DABBAGHI\",\"image\":{\"@type\":\"ImageObject\",\"inLanguage\":\"en-US\",\"@id\":\"https:\\\/\\\/secure.gravatar.com\\\/avatar\\\/432af6f4f809c18faaf19a936a481c5d5f152b5f7eb7c93a86afa9a18f2ab991?s=96&d=mm&r=g\",\"url\":\"https:\\\/\\\/secure.gravatar.com\\\/avatar\\\/432af6f4f809c18faaf19a936a481c5d5f152b5f7eb7c93a86afa9a18f2ab991?s=96&d=mm&r=g\",\"contentUrl\":\"https:\\\/\\\/secure.gravatar.com\\\/avatar\\\/432af6f4f809c18faaf19a936a481c5d5f152b5f7eb7c93a86afa9a18f2ab991?s=96&d=mm&r=g\",\"caption\":\"Ali DABBAGHI\"},\"description\":\"Ing\u00e9nieur G\u00e9n\u00e9ral sp\u00e9cialiste des syst\u00e8mes d'information et de communication, \u0645\u0647\u0646\u062f\u0633 \u0639\u0627\u0645 \u0641\u064a \u0646\u0638\u0645 \u0627\u0644\u0645\u0639\u0644\u0648\u0645\u0627\u062a \u0648\u0627\u0644\u0627\u062a\u0635\u0627\u0644\u0627\u062a General Engineer information and communication systems\",\"sameAs\":[\"http:\\\/\\\/www.inp2020.tn\",\"https:\\\/\\\/www.facebook.com\\\/ali.dabb.39\\\/\"],\"url\":\"https:\\\/\\\/www.inp2020.tn\\\/en\\\/author\\\/admin-2\\\/\"}]}<\/script>\n<!-- \/ Yoast SEO plugin. -->","yoast_head_json":{"title":"medina of sousse - supporting the craft sector - INP \u0627\u0644\u0645\u0639\u0647\u062f \u0627\u0644\u0648\u0637\u0646\u064a \u0644\u0644\u062a\u0631\u0627\u062b","description":"(Fran\u00e7ais) Depuis novembre 2023, l'Institut national du patrimoine, en partenariat avec le Bureau r\u00e9gional de l'UNESCO pour les pays du Maghreb et avec le soutien de la municipalit\u00e9 de Sousse et de l'Office national d'artisant, a lanc\u00e9 la mise en \u0153uvre d'un projet financ\u00e9 par le Fonds japonais de d\u00e9veloppement, qui vise \u00e0 int\u00e9grer les strat\u00e9gies de conservation, le tourisme et les moyens de subsistance locaux dans la gestion du site du patrimoine mondial \u00ab Ville de Sousse \u00bb en soutenant le secteur de l'artisanat, pilier essentiel de la revitalisation de la vieille ville et du renforcement des bases d'un d\u00e9veloppement durable.","robots":{"index":"index","follow":"follow","max-snippet":"max-snippet:-1","max-image-preview":"max-image-preview:large","max-video-preview":"max-video-preview:-1"},"canonical":"https:\/\/www.inp2020.tn\/2025\/11\/21\/_medina_sousse_soutien_artisant\/","og_locale":"en_US","og_type":"article","og_title":"medina of sousse - supporting the craft sector - INP \u0627\u0644\u0645\u0639\u0647\u062f \u0627\u0644\u0648\u0637\u0646\u064a \u0644\u0644\u062a\u0631\u0627\u062b","og_description":"{:fr}Depuis novembre 2023, l'Institut national du patrimoine, en partenariat avec le Bureau r\u00e9gional de l'UNESCO pour les pays du Maghreb et avec le soutien de la municipalit\u00e9 de Sousse et de l'Office national d'artisant, a lanc\u00e9 la mise en \u0153uvre d'un projet financ\u00e9 par le Fonds japonais de d\u00e9veloppement, qui vise \u00e0 int\u00e9grer les strat\u00e9gies de conservation, le tourisme et les moyens de subsistance locaux dans la gestion du site du patrimoine mondial \u00ab Ville de Sousse \u00bb en soutenant le secteur de l'artisanat, pilier essentiel de la revitalisation de la vieille ville et du renforcement des bases d'un d\u00e9veloppement durable.{:}","og_url":"https:\/\/www.inp2020.tn\/2025\/11\/21\/_medina_sousse_soutien_artisant\/","og_site_name":"INP \u0627\u0644\u0645\u0639\u0647\u062f \u0627\u0644\u0648\u0637\u0646\u064a \u0644\u0644\u062a\u0631\u0627\u062b","article_publisher":"https:\/\/www.facebook.com\/Inp.Institut.National.Du.Patrimoine\/","article_author":"https:\/\/www.facebook.com\/ali.dabb.39\/","article_published_time":"2025-11-21T16:14:42+00:00","article_modified_time":"2025-11-21T17:08:20+00:00","og_image":[{"width":514,"height":720,"url":"http:\/\/www.inp2020.tn\/wp-content\/uploads\/2025\/11\/expo-dar-el-bey.jpg","type":"image\/jpeg"}],"author":"Ali DABBAGHI","twitter_card":"summary_large_image","twitter_misc":{"Written by":"Ali DABBAGHI","Est. reading time":"2 minutes"},"schema":{"@context":"https:\/\/schema.org","@graph":[{"@type":"Article","@id":"https:\/\/www.inp2020.tn\/2025\/11\/21\/_medina_sousse_soutien_artisant\/#article","isPartOf":{"@id":"https:\/\/www.inp2020.tn\/2025\/11\/21\/_medina_sousse_soutien_artisant\/"},"author":{"name":"Ali DABBAGHI","@id":"https:\/\/www.inp2020.tn\/#\/schema\/person\/bd2f4dd60a7cd9b2beaa801ddc3457a8"},"headline":"medina of sousse &#8211; supporting the craft sector","datePublished":"2025-11-21T16:14:42+00:00","dateModified":"2025-11-21T17:08:20+00:00","mainEntityOfPage":{"@id":"https:\/\/www.inp2020.tn\/2025\/11\/21\/_medina_sousse_soutien_artisant\/"},"wordCount":597,"commentCount":0,"publisher":{"@id":"https:\/\/www.inp2020.tn\/#organization"},"image":{"@id":"https:\/\/www.inp2020.tn\/2025\/11\/21\/_medina_sousse_soutien_artisant\/#primaryimage"},"thumbnailUrl":"https:\/\/www.inp2020.tn\/wp-content\/uploads\/2025\/11\/expo-dar-el-bey.jpg","articleSection":["Activities"],"inLanguage":"en-US","potentialAction":[{"@type":"CommentAction","name":"Comment","target":["https:\/\/www.inp2020.tn\/2025\/11\/21\/_medina_sousse_soutien_artisant\/#respond"]}]},{"@type":"WebPage","@id":"https:\/\/www.inp2020.tn\/2025\/11\/21\/_medina_sousse_soutien_artisant\/","url":"https:\/\/www.inp2020.tn\/2025\/11\/21\/_medina_sousse_soutien_artisant\/","name":"medina of sousse - supporting the craft sector - INP \u0627\u0644\u0645\u0639\u0647\u062f \u0627\u0644\u0648\u0637\u0646\u064a \u0644\u0644\u062a\u0631\u0627\u062b","isPartOf":{"@id":"https:\/\/www.inp2020.tn\/#website"},"primaryImageOfPage":{"@id":"https:\/\/www.inp2020.tn\/2025\/11\/21\/_medina_sousse_soutien_artisant\/#primaryimage"},"image":{"@id":"https:\/\/www.inp2020.tn\/2025\/11\/21\/_medina_sousse_soutien_artisant\/#primaryimage"},"thumbnailUrl":"https:\/\/www.inp2020.tn\/wp-content\/uploads\/2025\/11\/expo-dar-el-bey.jpg","datePublished":"2025-11-21T16:14:42+00:00","dateModified":"2025-11-21T17:08:20+00:00","description":"{:fr}Depuis novembre 2023, l'Institut national du patrimoine, en partenariat avec le Bureau r\u00e9gional de l'UNESCO pour les pays du Maghreb et avec le soutien de la municipalit\u00e9 de Sousse et de l'Office national d'artisant, a lanc\u00e9 la mise en \u0153uvre d'un projet financ\u00e9 par le Fonds japonais de d\u00e9veloppement, qui vise \u00e0 int\u00e9grer les strat\u00e9gies de conservation, le tourisme et les moyens de subsistance locaux dans la gestion du site du patrimoine mondial \u00ab Ville de Sousse \u00bb en soutenant le secteur de l'artisanat, pilier essentiel de la revitalisation de la vieille ville et du renforcement des bases d'un d\u00e9veloppement durable.{:}","breadcrumb":{"@id":"https:\/\/www.inp2020.tn\/2025\/11\/21\/_medina_sousse_soutien_artisant\/#breadcrumb"},"inLanguage":"en-US","potentialAction":[{"@type":"ReadAction","target":["https:\/\/www.inp2020.tn\/2025\/11\/21\/_medina_sousse_soutien_artisant\/"]}]},{"@type":"ImageObject","inLanguage":"en-US","@id":"https:\/\/www.inp2020.tn\/2025\/11\/21\/_medina_sousse_soutien_artisant\/#primaryimage","url":"https:\/\/www.inp2020.tn\/wp-content\/uploads\/2025\/11\/expo-dar-el-bey.jpg","contentUrl":"https:\/\/www.inp2020.tn\/wp-content\/uploads\/2025\/11\/expo-dar-el-bey.jpg","width":514,"height":720,"caption":"Medina of Sousse - Craft sector support project"},{"@type":"BreadcrumbList","@id":"https:\/\/www.inp2020.tn\/2025\/11\/21\/_medina_sousse_soutien_artisant\/#breadcrumb","itemListElement":[{"@type":"ListItem","position":1,"name":"Home","item":"https:\/\/www.inp2020.tn\/"},{"@type":"ListItem","position":2,"name":"M\u00e9dina de sousse &#8211; soutenant le secteur de l&#8217;artisanat"}]},{"@type":"WebSite","@id":"https:\/\/www.inp2020.tn\/#website","url":"https:\/\/www.inp2020.tn\/","name":"INP \u0627\u0644\u0645\u0639\u0647\u062f \u0627\u0644\u0648\u0637\u0646\u064a \u0644\u0644\u062a\u0631\u0627\u062b","description":"\u0625\u0646 \u0639\u0644\u0645 \u0627\u0644\u0622\u062b\u0627\u0631 \u0647\u0648 \u0623\u0633\u0645\u0649 \u0623\u0646\u0648\u0627\u0639 \u0627\u0644\u0628\u062d\u0648\u062b","publisher":{"@id":"https:\/\/www.inp2020.tn\/#organization"},"potentialAction":[{"@type":"SearchAction","target":{"@type":"EntryPoint","urlTemplate":"https:\/\/www.inp2020.tn\/?s={search_term_string}"},"query-input":{"@type":"PropertyValueSpecification","valueRequired":true,"valueName":"search_term_string"}}],"inLanguage":"en-US"},{"@type":"Organization","@id":"https:\/\/www.inp2020.tn\/#organization","name":"Institut National du Patrimoine - Tunisie","url":"https:\/\/www.inp2020.tn\/","logo":{"@type":"ImageObject","inLanguage":"en-US","@id":"https:\/\/www.inp2020.tn\/#\/schema\/logo\/image\/","url":"http:\/\/www.inp2020.tn\/wp-content\/uploads\/2019\/12\/logo-inp-e1612522185676.jpg","contentUrl":"http:\/\/www.inp2020.tn\/wp-content\/uploads\/2019\/12\/logo-inp-e1612522185676.jpg","width":75,"height":75,"caption":"Institut National du Patrimoine - Tunisie"},"image":{"@id":"https:\/\/www.inp2020.tn\/#\/schema\/logo\/image\/"},"sameAs":["https:\/\/www.facebook.com\/Inp.Institut.National.Du.Patrimoine\/"]},{"@type":"Person","@id":"https:\/\/www.inp2020.tn\/#\/schema\/person\/bd2f4dd60a7cd9b2beaa801ddc3457a8","name":"Ali DABBAGHI","image":{"@type":"ImageObject","inLanguage":"en-US","@id":"https:\/\/secure.gravatar.com\/avatar\/432af6f4f809c18faaf19a936a481c5d5f152b5f7eb7c93a86afa9a18f2ab991?s=96&d=mm&r=g","url":"https:\/\/secure.gravatar.com\/avatar\/432af6f4f809c18faaf19a936a481c5d5f152b5f7eb7c93a86afa9a18f2ab991?s=96&d=mm&r=g","contentUrl":"https:\/\/secure.gravatar.com\/avatar\/432af6f4f809c18faaf19a936a481c5d5f152b5f7eb7c93a86afa9a18f2ab991?s=96&d=mm&r=g","caption":"Ali DABBAGHI"},"description":"Ing\u00e9nieur G\u00e9n\u00e9ral sp\u00e9cialiste des syst\u00e8mes d'information et de communication, \u0645\u0647\u0646\u062f\u0633 \u0639\u0627\u0645 \u0641\u064a \u0646\u0638\u0645 \u0627\u0644\u0645\u0639\u0644\u0648\u0645\u0627\u062a \u0648\u0627\u0644\u0627\u062a\u0635\u0627\u0644\u0627\u062a General Engineer information and communication systems","sameAs":["http:\/\/www.inp2020.tn","https:\/\/www.facebook.com\/ali.dabb.39\/"],"url":"https:\/\/www.inp2020.tn\/en\/author\/admin-2\/"}]}},"_links":{"self":[{"href":"https:\/\/www.inp2020.tn\/en\/wp-json\/wp\/v2\/posts\/13847","targetHints":{"allow":["GET"]}}],"collection":[{"href":"https:\/\/www.inp2020.tn\/en\/wp-json\/wp\/v2\/posts"}],"about":[{"href":"https:\/\/www.inp2020.tn\/en\/wp-json\/wp\/v2\/types\/post"}],"author":[{"embeddable":true,"href":"https:\/\/www.inp2020.tn\/en\/wp-json\/wp\/v2\/users\/1"}],"replies":[{"embeddable":true,"href":"https:\/\/www.inp2020.tn\/en\/wp-json\/wp\/v2\/comments?post=13847"}],"version-history":[{"count":6,"href":"https:\/\/www.inp2020.tn\/en\/wp-json\/wp\/v2\/posts\/13847\/revisions"}],"predecessor-version":[{"id":13853,"href":"https:\/\/www.inp2020.tn\/en\/wp-json\/wp\/v2\/posts\/13847\/revisions\/13853"}],"wp:featuredmedia":[{"embeddable":true,"href":"https:\/\/www.inp2020.tn\/en\/wp-json\/wp\/v2\/media\/13842"}],"wp:attachment":[{"href":"https:\/\/www.inp2020.tn\/en\/wp-json\/wp\/v2\/media?parent=13847"}],"wp:term":[{"taxonomy":"category","embeddable":true,"href":"https:\/\/www.inp2020.tn\/en\/wp-json\/wp\/v2\/categories?post=13847"},{"taxonomy":"post_tag","embeddable":true,"href":"https:\/\/www.inp2020.tn\/en\/wp-json\/wp\/v2\/tags?post=13847"}],"curies":[{"name":"wp","href":"https:\/\/api.w.org\/{rel}","templated":true}]}}