{"id":13854,"date":"2025-11-21T18:29:20","date_gmt":"2025-11-21T17:29:20","guid":{"rendered":"https:\/\/www.inp2020.tn\/?p=13854"},"modified":"2025-11-21T20:19:04","modified_gmt":"2025-11-21T19:19:04","slug":"_musee_paleochretien_carthage","status":"publish","type":"post","link":"https:\/\/www.inp2020.tn\/en\/2025\/11\/21\/_musee_paleochretien_carthage\/","title":{"rendered":"the Roman and Early Christian Museum of Carthage"},"content":{"rendered":"Work on the \u2018renovation of the Roman and Early Christian Museum of Carthage\u2019 is nearing completion, with the museum scheduled to open on 2 December 2025. This museum will display the results of excavations of churches, a house and a circus in Carthage, as well as a special exhibition devoted <a href=\"https:\/\/www.inp2020.tn\/en\/2025\/11\/21\/_musee_paleochretien_carthage\/\" class=\"more-link\">(more&hellip;)<\/a>","protected":false},"excerpt":{"rendered":"<p>Work on the \u2018renovation of the Roman and Early Christian Museum of Carthage\u2019 is nearing completion, with the museum scheduled to open on 2 December 2025. This museum will display the results of excavations of churches, a house and a circus in Carthage, as well as a special exhibition devoted (more&hellip;)<\/p>\n","protected":false},"author":1,"featured_media":13859,"comment_status":"open","ping_status":"closed","sticky":false,"template":"","format":"standard","meta":{"_uf_show_specific_survey":0,"_uf_disable_surveys":false,"footnotes":""},"categories":[5],"tags":[22,596,592,593,594,595,299,597,23],"class_list":["post-13854","post","type-post","status-publish","format-standard","has-post-thumbnail","hentry","category-museum","tag-carthage","tag-early-christian","tag-musee","tag-museum","tag-paleochretien","tag-romaine","tag-roman","tag-597","tag-23"],"yoast_head":"<!-- This site is optimized with the Yoast SEO plugin v27.5 - https:\/\/yoast.com\/product\/yoast-seo-wordpress\/ -->\n<title>the Roman and Early Christian Museum of Carthage - INP \u0627\u0644\u0645\u0639\u0647\u062f \u0627\u0644\u0648\u0637\u0646\u064a \u0644\u0644\u062a\u0631\u0627\u062b<\/title>\n<meta name=\"description\" content=\"(Fran\u00e7ais) Les travaux de \u00ab r\u00e9am\u00e9nagement du mus\u00e9e romain et pal\u00e9ochr\u00e9tien de Carthage \u00bb touchent \u00e0 leur fin et son ouverture est pr\u00e9vue pour le 2 d\u00e9cembre 2025. Ce mus\u00e9e pr\u00e9sentera les r\u00e9sultats des fouilles des \u00e9glises, d&#039;une maison et d&#039;un cirque de Carthage, ainsi qu&#039;une exposition sp\u00e9ciale consacr\u00e9e \u00e0 la poterie extraite des ports puniques, qui remontent \u00e0 la fin de l&#039;Antiquit\u00e9.\" \/>\n<meta name=\"robots\" content=\"index, follow, max-snippet:-1, max-image-preview:large, max-video-preview:-1\" \/>\n<link rel=\"canonical\" href=\"https:\/\/www.inp2020.tn\/2025\/11\/21\/_musee_paleochretien_carthage\/\" \/>\n<meta property=\"og:locale\" content=\"en_US\" \/>\n<meta property=\"og:type\" content=\"article\" \/>\n<meta property=\"og:title\" content=\"the Roman and Early Christian Museum of Carthage - INP \u0627\u0644\u0645\u0639\u0647\u062f \u0627\u0644\u0648\u0637\u0646\u064a \u0644\u0644\u062a\u0631\u0627\u062b\" \/>\n<meta property=\"og:description\" content=\"{:fr}Les travaux de \u00ab r\u00e9am\u00e9nagement du mus\u00e9e romain et pal\u00e9ochr\u00e9tien de Carthage \u00bb touchent \u00e0 leur fin et son ouverture est pr\u00e9vue pour le 2 d\u00e9cembre 2025. Ce mus\u00e9e pr\u00e9sentera les r\u00e9sultats des fouilles des \u00e9glises, d&#039;une maison et d&#039;un cirque de Carthage, ainsi qu&#039;une exposition sp\u00e9ciale consacr\u00e9e \u00e0 la poterie extraite des ports puniques, qui remontent \u00e0 la fin de l&#039;Antiquit\u00e9.{:}\" \/>\n<meta property=\"og:url\" content=\"https:\/\/www.inp2020.tn\/2025\/11\/21\/_musee_paleochretien_carthage\/\" \/>\n<meta property=\"og:site_name\" content=\"INP \u0627\u0644\u0645\u0639\u0647\u062f \u0627\u0644\u0648\u0637\u0646\u064a \u0644\u0644\u062a\u0631\u0627\u062b\" \/>\n<meta property=\"article:publisher\" content=\"https:\/\/www.facebook.com\/Inp.Institut.National.Du.Patrimoine\/\" \/>\n<meta property=\"article:author\" content=\"https:\/\/www.facebook.com\/ali.dabb.39\/\" \/>\n<meta property=\"article:published_time\" content=\"2025-11-21T17:29:20+00:00\" \/>\n<meta property=\"article:modified_time\" content=\"2025-11-21T19:19:04+00:00\" \/>\n<meta property=\"og:image\" content=\"http:\/\/www.inp2020.tn\/wp-content\/uploads\/2025\/11\/musee_paleo_2.jpg\" \/>\n\t<meta property=\"og:image:width\" content=\"1399\" \/>\n\t<meta property=\"og:image:height\" content=\"1600\" \/>\n\t<meta property=\"og:image:type\" content=\"image\/jpeg\" \/>\n<meta name=\"author\" content=\"Ali DABBAGHI\" \/>\n<meta name=\"twitter:card\" content=\"summary_large_image\" \/>\n<meta name=\"twitter:label1\" content=\"Written by\" \/>\n\t<meta name=\"twitter:data1\" content=\"Ali DABBAGHI\" \/>\n\t<meta name=\"twitter:label2\" content=\"Est. reading time\" \/>\n\t<meta name=\"twitter:data2\" content=\"1 minute\" \/>\n<script type=\"application\/ld+json\" class=\"yoast-schema-graph\">{\"@context\":\"https:\\\/\\\/schema.org\",\"@graph\":[{\"@type\":\"Article\",\"@id\":\"https:\\\/\\\/www.inp2020.tn\\\/2025\\\/11\\\/21\\\/_musee_paleochretien_carthage\\\/#article\",\"isPartOf\":{\"@id\":\"https:\\\/\\\/www.inp2020.tn\\\/2025\\\/11\\\/21\\\/_musee_paleochretien_carthage\\\/\"},\"author\":{\"name\":\"Ali DABBAGHI\",\"@id\":\"https:\\\/\\\/www.inp2020.tn\\\/#\\\/schema\\\/person\\\/bd2f4dd60a7cd9b2beaa801ddc3457a8\"},\"headline\":\"the Roman and Early Christian Museum of Carthage\",\"datePublished\":\"2025-11-21T17:29:20+00:00\",\"dateModified\":\"2025-11-21T19:19:04+00:00\",\"mainEntityOfPage\":{\"@id\":\"https:\\\/\\\/www.inp2020.tn\\\/2025\\\/11\\\/21\\\/_musee_paleochretien_carthage\\\/\"},\"wordCount\":376,\"commentCount\":0,\"publisher\":{\"@id\":\"https:\\\/\\\/www.inp2020.tn\\\/#organization\"},\"image\":{\"@id\":\"https:\\\/\\\/www.inp2020.tn\\\/2025\\\/11\\\/21\\\/_musee_paleochretien_carthage\\\/#primaryimage\"},\"thumbnailUrl\":\"https:\\\/\\\/www.inp2020.tn\\\/wp-content\\\/uploads\\\/2025\\\/11\\\/musee_paleo_2.jpg\",\"keywords\":[\"Carthage\",\"Early Christian\",\"\",\"Museum\",\"Pal\u00e9ochr\u00e9tien\",\"Romaine\",\"Roman\",\"\u0627\u0644\u0645\u062a\u062d\u0641 \u0627\u0644\u0631\u0648\u0645\u0627\u0646\u064a \u0648 \u0627\u0644\u0645\u0633\u064a\u062d\u064a \u0627\u0644\u0645\u0628\u0643\u0631 \u0628\u0642\u0631\u0637\u0627\u062c\",\"\u0642\u0631\u0637\u0627\u062c\"],\"articleSection\":[\"Museums\"],\"inLanguage\":\"en-US\",\"potentialAction\":[{\"@type\":\"CommentAction\",\"name\":\"Comment\",\"target\":[\"https:\\\/\\\/www.inp2020.tn\\\/2025\\\/11\\\/21\\\/_musee_paleochretien_carthage\\\/#respond\"]}]},{\"@type\":\"WebPage\",\"@id\":\"https:\\\/\\\/www.inp2020.tn\\\/2025\\\/11\\\/21\\\/_musee_paleochretien_carthage\\\/\",\"url\":\"https:\\\/\\\/www.inp2020.tn\\\/2025\\\/11\\\/21\\\/_musee_paleochretien_carthage\\\/\",\"name\":\"the Roman and Early Christian Museum of Carthage - INP \u0627\u0644\u0645\u0639\u0647\u062f \u0627\u0644\u0648\u0637\u0646\u064a \u0644\u0644\u062a\u0631\u0627\u062b\",\"isPartOf\":{\"@id\":\"https:\\\/\\\/www.inp2020.tn\\\/#website\"},\"primaryImageOfPage\":{\"@id\":\"https:\\\/\\\/www.inp2020.tn\\\/2025\\\/11\\\/21\\\/_musee_paleochretien_carthage\\\/#primaryimage\"},\"image\":{\"@id\":\"https:\\\/\\\/www.inp2020.tn\\\/2025\\\/11\\\/21\\\/_musee_paleochretien_carthage\\\/#primaryimage\"},\"thumbnailUrl\":\"https:\\\/\\\/www.inp2020.tn\\\/wp-content\\\/uploads\\\/2025\\\/11\\\/musee_paleo_2.jpg\",\"datePublished\":\"2025-11-21T17:29:20+00:00\",\"dateModified\":\"2025-11-21T19:19:04+00:00\",\"description\":\"{:fr}Les travaux de \u00ab r\u00e9am\u00e9nagement du mus\u00e9e romain et pal\u00e9ochr\u00e9tien de Carthage \u00bb touchent \u00e0 leur fin et son ouverture est pr\u00e9vue pour le 2 d\u00e9cembre 2025. Ce mus\u00e9e pr\u00e9sentera les r\u00e9sultats des fouilles des \u00e9glises, d'une maison et d'un cirque de Carthage, ainsi qu'une exposition sp\u00e9ciale consacr\u00e9e \u00e0 la poterie extraite des ports puniques, qui remontent \u00e0 la fin de l'Antiquit\u00e9.{:}\",\"breadcrumb\":{\"@id\":\"https:\\\/\\\/www.inp2020.tn\\\/2025\\\/11\\\/21\\\/_musee_paleochretien_carthage\\\/#breadcrumb\"},\"inLanguage\":\"en-US\",\"potentialAction\":[{\"@type\":\"ReadAction\",\"target\":[\"https:\\\/\\\/www.inp2020.tn\\\/2025\\\/11\\\/21\\\/_musee_paleochretien_carthage\\\/\"]}]},{\"@type\":\"ImageObject\",\"inLanguage\":\"en-US\",\"@id\":\"https:\\\/\\\/www.inp2020.tn\\\/2025\\\/11\\\/21\\\/_musee_paleochretien_carthage\\\/#primaryimage\",\"url\":\"https:\\\/\\\/www.inp2020.tn\\\/wp-content\\\/uploads\\\/2025\\\/11\\\/musee_paleo_2.jpg\",\"contentUrl\":\"https:\\\/\\\/www.inp2020.tn\\\/wp-content\\\/uploads\\\/2025\\\/11\\\/musee_paleo_2.jpg\",\"width\":1399,\"height\":1600,\"caption\":\"Le mus\u00e9e romain et pal\u00e9ochr\u00e9tien de Carthage\"},{\"@type\":\"BreadcrumbList\",\"@id\":\"https:\\\/\\\/www.inp2020.tn\\\/2025\\\/11\\\/21\\\/_musee_paleochretien_carthage\\\/#breadcrumb\",\"itemListElement\":[{\"@type\":\"ListItem\",\"position\":1,\"name\":\"Home\",\"item\":\"https:\\\/\\\/www.inp2020.tn\\\/\"},{\"@type\":\"ListItem\",\"position\":2,\"name\":\"Le mus\u00e9e romain et pal\u00e9ochr\u00e9tien de Carthage\"}]},{\"@type\":\"WebSite\",\"@id\":\"https:\\\/\\\/www.inp2020.tn\\\/#website\",\"url\":\"https:\\\/\\\/www.inp2020.tn\\\/\",\"name\":\"INP \u0627\u0644\u0645\u0639\u0647\u062f \u0627\u0644\u0648\u0637\u0646\u064a \u0644\u0644\u062a\u0631\u0627\u062b\",\"description\":\"\u0625\u0646 \u0639\u0644\u0645 \u0627\u0644\u0622\u062b\u0627\u0631 \u0647\u0648 \u0623\u0633\u0645\u0649 \u0623\u0646\u0648\u0627\u0639 \u0627\u0644\u0628\u062d\u0648\u062b\",\"publisher\":{\"@id\":\"https:\\\/\\\/www.inp2020.tn\\\/#organization\"},\"potentialAction\":[{\"@type\":\"SearchAction\",\"target\":{\"@type\":\"EntryPoint\",\"urlTemplate\":\"https:\\\/\\\/www.inp2020.tn\\\/?s={search_term_string}\"},\"query-input\":{\"@type\":\"PropertyValueSpecification\",\"valueRequired\":true,\"valueName\":\"search_term_string\"}}],\"inLanguage\":\"en-US\"},{\"@type\":\"Organization\",\"@id\":\"https:\\\/\\\/www.inp2020.tn\\\/#organization\",\"name\":\"Institut National du Patrimoine - Tunisie\",\"url\":\"https:\\\/\\\/www.inp2020.tn\\\/\",\"logo\":{\"@type\":\"ImageObject\",\"inLanguage\":\"en-US\",\"@id\":\"https:\\\/\\\/www.inp2020.tn\\\/#\\\/schema\\\/logo\\\/image\\\/\",\"url\":\"http:\\\/\\\/www.inp2020.tn\\\/wp-content\\\/uploads\\\/2019\\\/12\\\/logo-inp-e1612522185676.jpg\",\"contentUrl\":\"http:\\\/\\\/www.inp2020.tn\\\/wp-content\\\/uploads\\\/2019\\\/12\\\/logo-inp-e1612522185676.jpg\",\"width\":75,\"height\":75,\"caption\":\"Institut National du Patrimoine - Tunisie\"},\"image\":{\"@id\":\"https:\\\/\\\/www.inp2020.tn\\\/#\\\/schema\\\/logo\\\/image\\\/\"},\"sameAs\":[\"https:\\\/\\\/www.facebook.com\\\/Inp.Institut.National.Du.Patrimoine\\\/\"]},{\"@type\":\"Person\",\"@id\":\"https:\\\/\\\/www.inp2020.tn\\\/#\\\/schema\\\/person\\\/bd2f4dd60a7cd9b2beaa801ddc3457a8\",\"name\":\"Ali DABBAGHI\",\"image\":{\"@type\":\"ImageObject\",\"inLanguage\":\"en-US\",\"@id\":\"https:\\\/\\\/secure.gravatar.com\\\/avatar\\\/432af6f4f809c18faaf19a936a481c5d5f152b5f7eb7c93a86afa9a18f2ab991?s=96&d=mm&r=g\",\"url\":\"https:\\\/\\\/secure.gravatar.com\\\/avatar\\\/432af6f4f809c18faaf19a936a481c5d5f152b5f7eb7c93a86afa9a18f2ab991?s=96&d=mm&r=g\",\"contentUrl\":\"https:\\\/\\\/secure.gravatar.com\\\/avatar\\\/432af6f4f809c18faaf19a936a481c5d5f152b5f7eb7c93a86afa9a18f2ab991?s=96&d=mm&r=g\",\"caption\":\"Ali DABBAGHI\"},\"description\":\"Ing\u00e9nieur G\u00e9n\u00e9ral sp\u00e9cialiste des syst\u00e8mes d'information et de communication, \u0645\u0647\u0646\u062f\u0633 \u0639\u0627\u0645 \u0641\u064a \u0646\u0638\u0645 \u0627\u0644\u0645\u0639\u0644\u0648\u0645\u0627\u062a \u0648\u0627\u0644\u0627\u062a\u0635\u0627\u0644\u0627\u062a General Engineer information and communication systems\",\"sameAs\":[\"http:\\\/\\\/www.inp2020.tn\",\"https:\\\/\\\/www.facebook.com\\\/ali.dabb.39\\\/\"],\"url\":\"https:\\\/\\\/www.inp2020.tn\\\/en\\\/author\\\/admin-2\\\/\"}]}<\/script>\n<!-- \/ Yoast SEO plugin. -->","yoast_head_json":{"title":"the Roman and Early Christian Museum of Carthage - INP \u0627\u0644\u0645\u0639\u0647\u062f \u0627\u0644\u0648\u0637\u0646\u064a \u0644\u0644\u062a\u0631\u0627\u062b","description":"(Fran\u00e7ais) Les travaux de \u00ab r\u00e9am\u00e9nagement du mus\u00e9e romain et pal\u00e9ochr\u00e9tien de Carthage \u00bb touchent \u00e0 leur fin et son ouverture est pr\u00e9vue pour le 2 d\u00e9cembre 2025. Ce mus\u00e9e pr\u00e9sentera les r\u00e9sultats des fouilles des \u00e9glises, d'une maison et d'un cirque de Carthage, ainsi qu'une exposition sp\u00e9ciale consacr\u00e9e \u00e0 la poterie extraite des ports puniques, qui remontent \u00e0 la fin de l'Antiquit\u00e9.","robots":{"index":"index","follow":"follow","max-snippet":"max-snippet:-1","max-image-preview":"max-image-preview:large","max-video-preview":"max-video-preview:-1"},"canonical":"https:\/\/www.inp2020.tn\/2025\/11\/21\/_musee_paleochretien_carthage\/","og_locale":"en_US","og_type":"article","og_title":"the Roman and Early Christian Museum of Carthage - INP \u0627\u0644\u0645\u0639\u0647\u062f \u0627\u0644\u0648\u0637\u0646\u064a \u0644\u0644\u062a\u0631\u0627\u062b","og_description":"{:fr}Les travaux de \u00ab r\u00e9am\u00e9nagement du mus\u00e9e romain et pal\u00e9ochr\u00e9tien de Carthage \u00bb touchent \u00e0 leur fin et son ouverture est pr\u00e9vue pour le 2 d\u00e9cembre 2025. Ce mus\u00e9e pr\u00e9sentera les r\u00e9sultats des fouilles des \u00e9glises, d'une maison et d'un cirque de Carthage, ainsi qu'une exposition sp\u00e9ciale consacr\u00e9e \u00e0 la poterie extraite des ports puniques, qui remontent \u00e0 la fin de l'Antiquit\u00e9.{:}","og_url":"https:\/\/www.inp2020.tn\/2025\/11\/21\/_musee_paleochretien_carthage\/","og_site_name":"INP \u0627\u0644\u0645\u0639\u0647\u062f \u0627\u0644\u0648\u0637\u0646\u064a \u0644\u0644\u062a\u0631\u0627\u062b","article_publisher":"https:\/\/www.facebook.com\/Inp.Institut.National.Du.Patrimoine\/","article_author":"https:\/\/www.facebook.com\/ali.dabb.39\/","article_published_time":"2025-11-21T17:29:20+00:00","article_modified_time":"2025-11-21T19:19:04+00:00","og_image":[{"width":1399,"height":1600,"url":"http:\/\/www.inp2020.tn\/wp-content\/uploads\/2025\/11\/musee_paleo_2.jpg","type":"image\/jpeg"}],"author":"Ali DABBAGHI","twitter_card":"summary_large_image","twitter_misc":{"Written by":"Ali DABBAGHI","Est. reading time":"1 minute"},"schema":{"@context":"https:\/\/schema.org","@graph":[{"@type":"Article","@id":"https:\/\/www.inp2020.tn\/2025\/11\/21\/_musee_paleochretien_carthage\/#article","isPartOf":{"@id":"https:\/\/www.inp2020.tn\/2025\/11\/21\/_musee_paleochretien_carthage\/"},"author":{"name":"Ali DABBAGHI","@id":"https:\/\/www.inp2020.tn\/#\/schema\/person\/bd2f4dd60a7cd9b2beaa801ddc3457a8"},"headline":"the Roman and Early Christian Museum of Carthage","datePublished":"2025-11-21T17:29:20+00:00","dateModified":"2025-11-21T19:19:04+00:00","mainEntityOfPage":{"@id":"https:\/\/www.inp2020.tn\/2025\/11\/21\/_musee_paleochretien_carthage\/"},"wordCount":376,"commentCount":0,"publisher":{"@id":"https:\/\/www.inp2020.tn\/#organization"},"image":{"@id":"https:\/\/www.inp2020.tn\/2025\/11\/21\/_musee_paleochretien_carthage\/#primaryimage"},"thumbnailUrl":"https:\/\/www.inp2020.tn\/wp-content\/uploads\/2025\/11\/musee_paleo_2.jpg","keywords":["Carthage","Early Christian","","Museum","Pal\u00e9ochr\u00e9tien","Romaine","Roman","\u0627\u0644\u0645\u062a\u062d\u0641 \u0627\u0644\u0631\u0648\u0645\u0627\u0646\u064a \u0648 \u0627\u0644\u0645\u0633\u064a\u062d\u064a \u0627\u0644\u0645\u0628\u0643\u0631 \u0628\u0642\u0631\u0637\u0627\u062c","\u0642\u0631\u0637\u0627\u062c"],"articleSection":["Museums"],"inLanguage":"en-US","potentialAction":[{"@type":"CommentAction","name":"Comment","target":["https:\/\/www.inp2020.tn\/2025\/11\/21\/_musee_paleochretien_carthage\/#respond"]}]},{"@type":"WebPage","@id":"https:\/\/www.inp2020.tn\/2025\/11\/21\/_musee_paleochretien_carthage\/","url":"https:\/\/www.inp2020.tn\/2025\/11\/21\/_musee_paleochretien_carthage\/","name":"the Roman and Early Christian Museum of Carthage - INP \u0627\u0644\u0645\u0639\u0647\u062f \u0627\u0644\u0648\u0637\u0646\u064a \u0644\u0644\u062a\u0631\u0627\u062b","isPartOf":{"@id":"https:\/\/www.inp2020.tn\/#website"},"primaryImageOfPage":{"@id":"https:\/\/www.inp2020.tn\/2025\/11\/21\/_musee_paleochretien_carthage\/#primaryimage"},"image":{"@id":"https:\/\/www.inp2020.tn\/2025\/11\/21\/_musee_paleochretien_carthage\/#primaryimage"},"thumbnailUrl":"https:\/\/www.inp2020.tn\/wp-content\/uploads\/2025\/11\/musee_paleo_2.jpg","datePublished":"2025-11-21T17:29:20+00:00","dateModified":"2025-11-21T19:19:04+00:00","description":"{:fr}Les travaux de \u00ab r\u00e9am\u00e9nagement du mus\u00e9e romain et pal\u00e9ochr\u00e9tien de Carthage \u00bb touchent \u00e0 leur fin et son ouverture est pr\u00e9vue pour le 2 d\u00e9cembre 2025. Ce mus\u00e9e pr\u00e9sentera les r\u00e9sultats des fouilles des \u00e9glises, d'une maison et d'un cirque de Carthage, ainsi qu'une exposition sp\u00e9ciale consacr\u00e9e \u00e0 la poterie extraite des ports puniques, qui remontent \u00e0 la fin de l'Antiquit\u00e9.{:}","breadcrumb":{"@id":"https:\/\/www.inp2020.tn\/2025\/11\/21\/_musee_paleochretien_carthage\/#breadcrumb"},"inLanguage":"en-US","potentialAction":[{"@type":"ReadAction","target":["https:\/\/www.inp2020.tn\/2025\/11\/21\/_musee_paleochretien_carthage\/"]}]},{"@type":"ImageObject","inLanguage":"en-US","@id":"https:\/\/www.inp2020.tn\/2025\/11\/21\/_musee_paleochretien_carthage\/#primaryimage","url":"https:\/\/www.inp2020.tn\/wp-content\/uploads\/2025\/11\/musee_paleo_2.jpg","contentUrl":"https:\/\/www.inp2020.tn\/wp-content\/uploads\/2025\/11\/musee_paleo_2.jpg","width":1399,"height":1600,"caption":"Le mus\u00e9e romain et pal\u00e9ochr\u00e9tien de Carthage"},{"@type":"BreadcrumbList","@id":"https:\/\/www.inp2020.tn\/2025\/11\/21\/_musee_paleochretien_carthage\/#breadcrumb","itemListElement":[{"@type":"ListItem","position":1,"name":"Home","item":"https:\/\/www.inp2020.tn\/"},{"@type":"ListItem","position":2,"name":"Le mus\u00e9e romain et pal\u00e9ochr\u00e9tien de Carthage"}]},{"@type":"WebSite","@id":"https:\/\/www.inp2020.tn\/#website","url":"https:\/\/www.inp2020.tn\/","name":"INP \u0627\u0644\u0645\u0639\u0647\u062f \u0627\u0644\u0648\u0637\u0646\u064a \u0644\u0644\u062a\u0631\u0627\u062b","description":"\u0625\u0646 \u0639\u0644\u0645 \u0627\u0644\u0622\u062b\u0627\u0631 \u0647\u0648 \u0623\u0633\u0645\u0649 \u0623\u0646\u0648\u0627\u0639 \u0627\u0644\u0628\u062d\u0648\u062b","publisher":{"@id":"https:\/\/www.inp2020.tn\/#organization"},"potentialAction":[{"@type":"SearchAction","target":{"@type":"EntryPoint","urlTemplate":"https:\/\/www.inp2020.tn\/?s={search_term_string}"},"query-input":{"@type":"PropertyValueSpecification","valueRequired":true,"valueName":"search_term_string"}}],"inLanguage":"en-US"},{"@type":"Organization","@id":"https:\/\/www.inp2020.tn\/#organization","name":"Institut National du Patrimoine - Tunisie","url":"https:\/\/www.inp2020.tn\/","logo":{"@type":"ImageObject","inLanguage":"en-US","@id":"https:\/\/www.inp2020.tn\/#\/schema\/logo\/image\/","url":"http:\/\/www.inp2020.tn\/wp-content\/uploads\/2019\/12\/logo-inp-e1612522185676.jpg","contentUrl":"http:\/\/www.inp2020.tn\/wp-content\/uploads\/2019\/12\/logo-inp-e1612522185676.jpg","width":75,"height":75,"caption":"Institut National du Patrimoine - Tunisie"},"image":{"@id":"https:\/\/www.inp2020.tn\/#\/schema\/logo\/image\/"},"sameAs":["https:\/\/www.facebook.com\/Inp.Institut.National.Du.Patrimoine\/"]},{"@type":"Person","@id":"https:\/\/www.inp2020.tn\/#\/schema\/person\/bd2f4dd60a7cd9b2beaa801ddc3457a8","name":"Ali DABBAGHI","image":{"@type":"ImageObject","inLanguage":"en-US","@id":"https:\/\/secure.gravatar.com\/avatar\/432af6f4f809c18faaf19a936a481c5d5f152b5f7eb7c93a86afa9a18f2ab991?s=96&d=mm&r=g","url":"https:\/\/secure.gravatar.com\/avatar\/432af6f4f809c18faaf19a936a481c5d5f152b5f7eb7c93a86afa9a18f2ab991?s=96&d=mm&r=g","contentUrl":"https:\/\/secure.gravatar.com\/avatar\/432af6f4f809c18faaf19a936a481c5d5f152b5f7eb7c93a86afa9a18f2ab991?s=96&d=mm&r=g","caption":"Ali DABBAGHI"},"description":"Ing\u00e9nieur G\u00e9n\u00e9ral sp\u00e9cialiste des syst\u00e8mes d'information et de communication, \u0645\u0647\u0646\u062f\u0633 \u0639\u0627\u0645 \u0641\u064a \u0646\u0638\u0645 \u0627\u0644\u0645\u0639\u0644\u0648\u0645\u0627\u062a \u0648\u0627\u0644\u0627\u062a\u0635\u0627\u0644\u0627\u062a General Engineer information and communication systems","sameAs":["http:\/\/www.inp2020.tn","https:\/\/www.facebook.com\/ali.dabb.39\/"],"url":"https:\/\/www.inp2020.tn\/en\/author\/admin-2\/"}]}},"_links":{"self":[{"href":"https:\/\/www.inp2020.tn\/en\/wp-json\/wp\/v2\/posts\/13854","targetHints":{"allow":["GET"]}}],"collection":[{"href":"https:\/\/www.inp2020.tn\/en\/wp-json\/wp\/v2\/posts"}],"about":[{"href":"https:\/\/www.inp2020.tn\/en\/wp-json\/wp\/v2\/types\/post"}],"author":[{"embeddable":true,"href":"https:\/\/www.inp2020.tn\/en\/wp-json\/wp\/v2\/users\/1"}],"replies":[{"embeddable":true,"href":"https:\/\/www.inp2020.tn\/en\/wp-json\/wp\/v2\/comments?post=13854"}],"version-history":[{"count":5,"href":"https:\/\/www.inp2020.tn\/en\/wp-json\/wp\/v2\/posts\/13854\/revisions"}],"predecessor-version":[{"id":13864,"href":"https:\/\/www.inp2020.tn\/en\/wp-json\/wp\/v2\/posts\/13854\/revisions\/13864"}],"wp:featuredmedia":[{"embeddable":true,"href":"https:\/\/www.inp2020.tn\/en\/wp-json\/wp\/v2\/media\/13859"}],"wp:attachment":[{"href":"https:\/\/www.inp2020.tn\/en\/wp-json\/wp\/v2\/media?parent=13854"}],"wp:term":[{"taxonomy":"category","embeddable":true,"href":"https:\/\/www.inp2020.tn\/en\/wp-json\/wp\/v2\/categories?post=13854"},{"taxonomy":"post_tag","embeddable":true,"href":"https:\/\/www.inp2020.tn\/en\/wp-json\/wp\/v2\/tags?post=13854"}],"curies":[{"name":"wp","href":"https:\/\/api.w.org\/{rel}","templated":true}]}}